{"id":2816,"date":"2025-11-23T19:24:48","date_gmt":"2025-11-23T22:24:48","guid":{"rendered":"http:\/\/cristalvox.imprensa.ws\/?p=2816"},"modified":"2025-11-24T11:27:04","modified_gmt":"2025-11-24T14:27:04","slug":"jair-blsonaro-esta-com-saude-estavel-dizem-seus-medicos-assistentes","status":"publish","type":"post","link":"https:\/\/cristalvoxnews.com.br\/?p=2816","title":{"rendered":"Jair Bolsonaro est\u00e1 com sa\u00fade est\u00e1vel, dizem seus m\u00e9dicos assistentes"},"content":{"rendered":"\n<p><strong>De acordo com o boletim, Bolsonaro relatou ter apresentado, na noite de sexta-feira (21), um epis\u00f3dio de confus\u00e3o mental e alucina\u00e7\u00f5es. Os m\u00e9dicos afirmam que o quadro pode ter sido provocado pela pregabalina, medicamento prescrito por outro profissional da equipe.<\/strong><\/p>\n\n\n\n<p>O ex-presidente Jair Bolsonaro est\u00e1 clinicamente est\u00e1vel e passou a noite sem intercorr\u00eancias na Superintend\u00eancia da Pol\u00edcia Federal (PF) em Bras\u00edlia, segundo boletim m\u00e9dico divulgado neste domingo (23).<\/p>\n\n\n\n<p>O documento \u00e9 assinado por m\u00e9dicos do presidente: Cl\u00e1udio Birolini, cirurgi\u00e3o-geral, e Leandro Echenique, que visitaram Bolsonaro na pris\u00e3o.<\/p>\n\n\n\n<p>Bolsonaro est\u00e1 detido desde as primeiras horas da manh\u00e3 de s\u00e1bado, ap\u00f3s a Pol\u00edcia Federal apontar risco de fuga, viola\u00e7\u00e3o da tornozeleira eletr\u00f4nica e tentativa de usar aglomera\u00e7\u00e3o de apoiadores \u2014 convocada pelo senador Fl\u00e1vio Bolsonaro \u2014 para dificultar a fiscaliza\u00e7\u00e3o das medidas cautelares.<\/p>\n\n\n\n<h2 class=\"wp-block-heading\">Confus\u00e3o mental e alucina\u00e7\u00f5es<\/h2>\n\n\n\n<p>De acordo com o boletim, Bolsonaro relatou ter apresentado, na noite de sexta-feira (21), um epis\u00f3dio de confus\u00e3o mental e alucina\u00e7\u00f5es. Os m\u00e9dicos afirmam que o quadro pode ter sido provocado pela pregabalina, medicamento prescrito por outro profissional da equipe.<\/p>\n\n\n\n<p><a href=\"https:\/\/g1.globo.com\/politica\/noticia\/2025\/11\/23\/bolsonaro-passa-por-audiencia-de-custodia.ghtml\"><strong>O pr\u00f3prio Bolsonaro alegou, em audi\u00eancia de cust\u00f3dia \u00e0 Justi\u00e7a, confus\u00e3o mental e alucina\u00e7\u00e3o<\/strong><\/a>, o que o teria levado a avariar, com um equipamento de solda, a tornozeleira eletr\u00f4nica que usava em sua pris\u00e3o domiciliar.<\/p>\n\n\n\n<p>Segundo o documento m\u00e9dico, a pregabalina tem intera\u00e7\u00e3o relevante com rem\u00e9dios que o ex-presidente j\u00e1 usa regularmente para crises de solu\u00e7os \u2014 clorpromazina e gabapentina. A associa\u00e7\u00e3o pode causar efeitos colaterais como confus\u00e3o mental, desorienta\u00e7\u00e3o, seda\u00e7\u00e3o, altera\u00e7\u00f5es de equil\u00edbrio, alucina\u00e7\u00f5es e preju\u00edzo cognitivo.<\/p>\n\n\n\n<p>No boletim, os m\u00e9dicos informaram que o rem\u00e9dio foi suspenso imediatamente e que Bolsonaro n\u00e3o apresenta sintomas residuais no momento.<\/p>\n\n\n\n<h2 class=\"wp-block-heading\">M\u00faltiplas comorbidades<\/h2>\n\n\n\n<p>O boletim tamb\u00e9m destaca que Bolsonaro \u00e9 portador de m\u00faltiplas comorbidades e faz uso cont\u00ednuo de diversos medicamentos por causa de interna\u00e7\u00f5es e cirurgias desde 2018. Os m\u00e9dicos lembram que ele apresentou recentemente um quadro de pneumonia por broncoaspira\u00e7\u00e3o e tem lidado com solu\u00e7os refrat\u00e1rios.<\/p>\n\n\n\n<h2 class=\"wp-block-heading\">Acompanhamento cont\u00ednuo<\/h2>\n\n\n\n<p>Segundo os profissionais, a equipe m\u00e9dica realizou ajustes nas medica\u00e7\u00f5es para restabelecer o tratamento anterior e continuar\u00e1 fazendo avalia\u00e7\u00f5es peri\u00f3dicas sobre o estado cl\u00ednico do ex-presidente. Fonte G1<\/p>\n","protected":false},"excerpt":{"rendered":"<p>De acordo com o boletim, Bolsonaro relatou ter apresentado, na noite de sexta-feira (21), um epis\u00f3dio de confus\u00e3o mental e alucina\u00e7\u00f5es. Os m\u00e9dicos afirmam que o quadro pode ter sido provocado pela pregabalina, medicamento prescrito por outro profissional da equipe. O ex-presidente Jair Bolsonaro est\u00e1 clinicamente est\u00e1vel e passou a [&hellip;]<\/p>\n","protected":false},"author":1,"featured_media":2837,"comment_status":"open","ping_status":"open","sticky":false,"template":"","format":"standard","meta":{"footnotes":""},"categories":[256],"tags":[374,424,351,423],"class_list":{"0":"post-2816","1":"post","2":"type-post","3":"status-publish","4":"format-standard","5":"has-post-thumbnail","7":"category-politica","8":"tag-jair-bolsonaro","9":"tag-medicos-assistentes","10":"tag-prisao","11":"tag-saude-estavel"},"_links":{"self":[{"href":"https:\/\/cristalvoxnews.com.br\/index.php?rest_route=\/wp\/v2\/posts\/2816","targetHints":{"allow":["GET"]}}],"collection":[{"href":"https:\/\/cristalvoxnews.com.br\/index.php?rest_route=\/wp\/v2\/posts"}],"about":[{"href":"https:\/\/cristalvoxnews.com.br\/index.php?rest_route=\/wp\/v2\/types\/post"}],"author":[{"embeddable":true,"href":"https:\/\/cristalvoxnews.com.br\/index.php?rest_route=\/wp\/v2\/users\/1"}],"replies":[{"embeddable":true,"href":"https:\/\/cristalvoxnews.com.br\/index.php?rest_route=%2Fwp%2Fv2%2Fcomments&post=2816"}],"version-history":[{"count":2,"href":"https:\/\/cristalvoxnews.com.br\/index.php?rest_route=\/wp\/v2\/posts\/2816\/revisions"}],"predecessor-version":[{"id":2823,"href":"https:\/\/cristalvoxnews.com.br\/index.php?rest_route=\/wp\/v2\/posts\/2816\/revisions\/2823"}],"wp:featuredmedia":[{"embeddable":true,"href":"https:\/\/cristalvoxnews.com.br\/index.php?rest_route=\/wp\/v2\/media\/2837"}],"wp:attachment":[{"href":"https:\/\/cristalvoxnews.com.br\/index.php?rest_route=%2Fwp%2Fv2%2Fmedia&parent=2816"}],"wp:term":[{"taxonomy":"category","embeddable":true,"href":"https:\/\/cristalvoxnews.com.br\/index.php?rest_route=%2Fwp%2Fv2%2Fcategories&post=2816"},{"taxonomy":"post_tag","embeddable":true,"href":"https:\/\/cristalvoxnews.com.br\/index.php?rest_route=%2Fwp%2Fv2%2Ftags&post=2816"}],"curies":[{"name":"wp","href":"https:\/\/api.w.org\/{rel}","templated":true}]}}