{"id":2808,"date":"2025-11-23T15:22:36","date_gmt":"2025-11-23T18:22:36","guid":{"rendered":"http:\/\/cristalvox.imprensa.ws\/?p=2808"},"modified":"2025-11-24T12:25:19","modified_gmt":"2025-11-24T15:25:19","slug":"michelle-autorizada-a-visitar-bolsonaro-na-prisao","status":"publish","type":"post","link":"https:\/\/cristalvoxnews.com.br\/?p=2808","title":{"rendered":"Michelle autorizada a visitar \u00a0Bolsonaro na pris\u00e3o"},"content":{"rendered":"\n<p><strong>Segundo decis\u00e3o do ministro do Alexandre de Moraes do STF, visita ser\u00e1 realizada neste domingo (23) e deve ser ocorrer entre 15h e 17h.<\/strong><\/p>\n\n\n\n<p>O ministro Alexandre de Moraes, do STF (Supremo Tribunal Federal), autorizou a visita da ex-primeira-dama Michelle Bolsonaro ao ex-presidente Jair Bolsonaro (PL), que est\u00e1 preso preventivamente na Superintend\u00eancia da Pol\u00edcia Federal.<\/p>\n\n\n\n<p>Na decis\u00e3o de hoje, o ministro afirma que a defesa n\u00e3o indicou quais os filhos pretendem realizar a visita e, assim, deve completar o pedido para cadastro.<\/p>\n\n\n\n<p>A defesa do ex-presidente havia pedido autoriza\u00e7\u00e3o para que Michelle e os filhos visitassem o ex-presidente, sem especificar quais.<\/p>\n\n\n\n<p>Michelle autorizada a visitar &nbsp;Bolsonaro na pris\u00e3o<\/p>\n\n\n\n<p>Segundo decis\u00e3o do ministro do Alexandre de Moraes do STF, visita ser\u00e1 realizada neste domingo (23) e deve ser ocorrer entre 15h e 17h.<\/p>\n\n\n\n<p>O ministro Alexandre de Moraes, do STF (Supremo Tribunal Federal), autorizou a visita da ex-primeira-dama Michelle Bolsonaro ao ex-presidente Jair Bolsonaro (PL), que est\u00e1 preso preventivamente na Superintend\u00eancia da Pol\u00edcia Federal.<\/p>\n\n\n\n<p>Na decis\u00e3o de hoje, o ministro afirma que a defesa n\u00e3o indicou quais os filhos pretendem realizar a visita e, assim, deve completar o pedido para cadastro.<\/p>\n\n\n\n<p>A defesa do ex-presidente havia pedido autoriza\u00e7\u00e3o para que Michelle e os filhos visitassem o ex-presidente, sem especificar quais.<\/p>\n\n\n\n<p>Bolsonaro tem cinco filhos:<\/p>\n\n\n\n<ul class=\"wp-block-list\">\n<li>Fl\u00e1vio Bolsonaro (Senador);<\/li>\n\n\n\n<li>Carlos Bolsonaro (Vereador do Rio de Janeiro);<\/li>\n\n\n\n<li>Eduardo Bolsonaro (Deputado Federal, que est\u00e1 nos Estados Unidos);<\/li>\n\n\n\n<li>Jair Renan Bolsonaro (Vereador de Balne\u00e1rio Cambori\u00fa, SC);<\/li>\n\n\n\n<li>Laura Bolsonaro (a \u00fanica filha mulher, a ca\u00e7ula).<\/li>\n<\/ul>\n\n\n\n<p><\/p>\n\n\n\n<figure class=\"wp-block-image size-large\"><img fetchpriority=\"high\" decoding=\"async\" width=\"1024\" height=\"614\" src=\"http:\/\/cristalvox.imprensa.ws\/wp-content\/uploads\/2025\/11\/michele-e-Bolsonaro-1024x614.jpg\" alt=\"\" class=\"wp-image-2810\" srcset=\"https:\/\/cristalvoxnews.com.br\/wp-content\/uploads\/2025\/11\/michele-e-Bolsonaro-1024x614.jpg 1024w, https:\/\/cristalvoxnews.com.br\/wp-content\/uploads\/2025\/11\/michele-e-Bolsonaro-300x180.jpg 300w, https:\/\/cristalvoxnews.com.br\/wp-content\/uploads\/2025\/11\/michele-e-Bolsonaro-768x461.jpg 768w, https:\/\/cristalvoxnews.com.br\/wp-content\/uploads\/2025\/11\/michele-e-Bolsonaro-431x259.jpg 431w, https:\/\/cristalvoxnews.com.br\/wp-content\/uploads\/2025\/11\/michele-e-Bolsonaro-862x517.jpg 862w, https:\/\/cristalvoxnews.com.br\/wp-content\/uploads\/2025\/11\/michele-e-Bolsonaro.jpg 1200w\" sizes=\"(max-width: 1024px) 100vw, 1024px\" \/><\/figure>\n","protected":false},"excerpt":{"rendered":"<p>Segundo decis\u00e3o do ministro do Alexandre de Moraes do STF, visita ser\u00e1 realizada neste domingo (23) e deve ser ocorrer entre 15h e 17h. O ministro Alexandre de Moraes, do STF (Supremo Tribunal Federal), autorizou a visita da ex-primeira-dama Michelle Bolsonaro ao ex-presidente Jair Bolsonaro (PL), que est\u00e1 preso preventivamente [&hellip;]<\/p>\n","protected":false},"author":1,"featured_media":2837,"comment_status":"open","ping_status":"open","sticky":false,"template":"","format":"standard","meta":{"footnotes":""},"categories":[256],"tags":[416,418,419],"class_list":{"0":"post-2808","1":"post","2":"type-post","3":"status-publish","4":"format-standard","5":"has-post-thumbnail","7":"category-politica","8":"tag-michele-bolsonaro","9":"tag-michele-na-pf","10":"tag-visita-a-bolsonaro"},"_links":{"self":[{"href":"https:\/\/cristalvoxnews.com.br\/index.php?rest_route=\/wp\/v2\/posts\/2808","targetHints":{"allow":["GET"]}}],"collection":[{"href":"https:\/\/cristalvoxnews.com.br\/index.php?rest_route=\/wp\/v2\/posts"}],"about":[{"href":"https:\/\/cristalvoxnews.com.br\/index.php?rest_route=\/wp\/v2\/types\/post"}],"author":[{"embeddable":true,"href":"https:\/\/cristalvoxnews.com.br\/index.php?rest_route=\/wp\/v2\/users\/1"}],"replies":[{"embeddable":true,"href":"https:\/\/cristalvoxnews.com.br\/index.php?rest_route=%2Fwp%2Fv2%2Fcomments&post=2808"}],"version-history":[{"count":2,"href":"https:\/\/cristalvoxnews.com.br\/index.php?rest_route=\/wp\/v2\/posts\/2808\/revisions"}],"predecessor-version":[{"id":2812,"href":"https:\/\/cristalvoxnews.com.br\/index.php?rest_route=\/wp\/v2\/posts\/2808\/revisions\/2812"}],"wp:featuredmedia":[{"embeddable":true,"href":"https:\/\/cristalvoxnews.com.br\/index.php?rest_route=\/wp\/v2\/media\/2837"}],"wp:attachment":[{"href":"https:\/\/cristalvoxnews.com.br\/index.php?rest_route=%2Fwp%2Fv2%2Fmedia&parent=2808"}],"wp:term":[{"taxonomy":"category","embeddable":true,"href":"https:\/\/cristalvoxnews.com.br\/index.php?rest_route=%2Fwp%2Fv2%2Fcategories&post=2808"},{"taxonomy":"post_tag","embeddable":true,"href":"https:\/\/cristalvoxnews.com.br\/index.php?rest_route=%2Fwp%2Fv2%2Ftags&post=2808"}],"curies":[{"name":"wp","href":"https:\/\/api.w.org\/{rel}","templated":true}]}}