{"id":2792,"date":"2025-11-23T12:35:56","date_gmt":"2025-11-23T15:35:56","guid":{"rendered":"http:\/\/cristalvox.imprensa.ws\/?p=2792"},"modified":"2025-11-24T12:34:06","modified_gmt":"2025-11-24T15:34:06","slug":"caiado-governador-de-goias-e-pre-candidato-a-presidencia-esta-internado-em-sao-paulo","status":"publish","type":"post","link":"https:\/\/cristalvoxnews.com.br\/?p=2792","title":{"rendered":"Caiado, Governador de Goi\u00e1s e pr\u00e9-candidato \u00e0 Presid\u00eancia est\u00e1 internado em S\u00e3o Paulo"},"content":{"rendered":"\n<p><strong>O governador de Goi\u00e1s, Ronaldo Caiado (UB), foi internado na tarde deste s\u00e1bado (22) no Hospital Vila Nova Star, em S\u00e3o Paulo, ap\u00f3s apresentar arritmia card\u00edaca. Segundo nota enviada pela assessoria de imprensa, Caiado recebeu atendimento e &#8216;encontra-se est\u00e1vel, consciente e clinicamente bem, em monitoriza\u00e7\u00e3o cont\u00ednua&#8217;.&#8221;<\/strong><\/p>\n\n\n\n<p>A nota com o estado de sa\u00fade, assinada pela m\u00e9dica Ludhmila Hajjar, informa que os exames realizados indicaram a necessidade &#8220;de uma abla\u00e7\u00e3o para corre\u00e7\u00e3o definitiva do dist\u00farbio do ritmo card\u00edaco&#8221;. O procedimento est\u00e1 programado para ocorrer nas pr\u00f3ximas 48 horas. O governador permanece em observa\u00e7\u00e3o, com boa evolu\u00e7\u00e3o cl\u00ednica, e seguir\u00e1 sob cuidados especializados at\u00e9 a realiza\u00e7\u00e3o do procedimento.&#8221;<strong><\/strong><\/p>\n\n\n\n<p>Abla\u00e7\u00e3o card\u00edaca: como funciona e para que serve o procedimento ao qual Caiado ser\u00e1 submetido<\/p>\n\n\n\n<p>A abla\u00e7\u00e3o card\u00edaca&nbsp;<mark>\u00e9 um procedimento m\u00e9dico para tratar arritmias, que s\u00e3o batimentos card\u00edacos irregulares<\/mark>.&nbsp;O procedimento envolve a inser\u00e7\u00e3o de cateteres (fios finos e flex\u00edveis) no cora\u00e7\u00e3o, que entregam energia (como radiofrequ\u00eancia ou frio) para destruir ou cicatrizar o tecido card\u00edaco que gera sinais el\u00e9tricos anormais, restaurando o ritmo normal do cora\u00e7\u00e3o.&nbsp; Fontes G1 e Ascon Governo de Goi\u00e1s<\/p>\n","protected":false},"excerpt":{"rendered":"<p>O governador de Goi\u00e1s, Ronaldo Caiado (UB), foi internado na tarde deste s\u00e1bado (22) no Hospital Vila Nova Star, em S\u00e3o Paulo, ap\u00f3s apresentar arritmia card\u00edaca. Segundo nota enviada pela assessoria de imprensa, Caiado recebeu atendimento e &#8216;encontra-se est\u00e1vel, consciente e clinicamente bem, em monitoriza\u00e7\u00e3o cont\u00ednua&#8217;.&#8221; A nota com o [&hellip;]<\/p>\n","protected":false},"author":1,"featured_media":2794,"comment_status":"open","ping_status":"open","sticky":false,"template":"","format":"standard","meta":{"footnotes":""},"categories":[256],"tags":[404,405,406,403],"class_list":{"0":"post-2792","1":"post","2":"type-post","3":"status-publish","4":"format-standard","5":"has-post-thumbnail","7":"category-politica","8":"tag-caiado","9":"tag-coracao","10":"tag-intenacao","11":"tag-ronaldo-caiado"},"_links":{"self":[{"href":"https:\/\/cristalvoxnews.com.br\/index.php?rest_route=\/wp\/v2\/posts\/2792","targetHints":{"allow":["GET"]}}],"collection":[{"href":"https:\/\/cristalvoxnews.com.br\/index.php?rest_route=\/wp\/v2\/posts"}],"about":[{"href":"https:\/\/cristalvoxnews.com.br\/index.php?rest_route=\/wp\/v2\/types\/post"}],"author":[{"embeddable":true,"href":"https:\/\/cristalvoxnews.com.br\/index.php?rest_route=\/wp\/v2\/users\/1"}],"replies":[{"embeddable":true,"href":"https:\/\/cristalvoxnews.com.br\/index.php?rest_route=%2Fwp%2Fv2%2Fcomments&post=2792"}],"version-history":[{"count":1,"href":"https:\/\/cristalvoxnews.com.br\/index.php?rest_route=\/wp\/v2\/posts\/2792\/revisions"}],"predecessor-version":[{"id":2793,"href":"https:\/\/cristalvoxnews.com.br\/index.php?rest_route=\/wp\/v2\/posts\/2792\/revisions\/2793"}],"wp:featuredmedia":[{"embeddable":true,"href":"https:\/\/cristalvoxnews.com.br\/index.php?rest_route=\/wp\/v2\/media\/2794"}],"wp:attachment":[{"href":"https:\/\/cristalvoxnews.com.br\/index.php?rest_route=%2Fwp%2Fv2%2Fmedia&parent=2792"}],"wp:term":[{"taxonomy":"category","embeddable":true,"href":"https:\/\/cristalvoxnews.com.br\/index.php?rest_route=%2Fwp%2Fv2%2Fcategories&post=2792"},{"taxonomy":"post_tag","embeddable":true,"href":"https:\/\/cristalvoxnews.com.br\/index.php?rest_route=%2Fwp%2Fv2%2Ftags&post=2792"}],"curies":[{"name":"wp","href":"https:\/\/api.w.org\/{rel}","templated":true}]}}