{"id":2786,"date":"2025-11-23T11:58:52","date_gmt":"2025-11-23T14:58:52","guid":{"rendered":"http:\/\/cristalvox.imprensa.ws\/?p=2786"},"modified":"2025-11-23T15:15:55","modified_gmt":"2025-11-23T18:15:55","slug":"cops-como-surgiu-o-movimento-da-conferencia-das-partes","status":"publish","type":"post","link":"https:\/\/cristalvoxnews.com.br\/?p=2786","title":{"rendered":"COPs: Como surgiu o movimento da Confer\u00eancia das partes"},"content":{"rendered":"\n<p><strong>Entre a urg\u00eancia clim\u00e1tica e a lentid\u00e3o da pol\u00edtica, h\u00e1 tr\u00eas d\u00e9cadas nasciam as COPs. Wagner Ribeiro e Ana Maria Nusdeo explicam os conflitos de interesses na pol\u00edtica internacional que originaram as Confer\u00eancias das Partes<\/strong><\/p>\n\n\n\n<p>Nascidas das contradi\u00e7\u00f5es entre desenvolvimento e responsabilidade ambiental, as Confer\u00eancias das Partes (COPs) se tornaram o principal espa\u00e7o de negocia\u00e7\u00e3o global sobre o clima. Essa tens\u00e3o antecessora das confer\u00eancias se dava entre pa\u00edses desenvolvidos e em desenvolvimento. Tr\u00eas d\u00e9cadas depois, as COPs seguem marcadas pelo mesmo dilema \u2014 enfrentar a urg\u00eancia clim\u00e1tica dentro da engrenagem lenta e desigual da pol\u00edtica internacional. Quem come\u00e7a explicando \u00e9 Ana Maria Nusdeo, professora da Faculdade de Direito da USP.<\/p>\n\n\n\n<h2 class=\"wp-block-heading\"><strong>Responsabilidades desiguais e combinadas<\/strong><\/h2>\n\n\n\n<p>Em 1988, a ONU criou o Painel Intergovernamental sobre Mudan\u00e7as Clim\u00e1ticas (IPCC), que apontou como as atividades humanas estavam alterando o clima da Terra. Contudo, transformar essa constata\u00e7\u00e3o cient\u00edfica em pol\u00edtica global exigia enfrentar contradi\u00e7\u00f5es profundas. De um lado, estavam os pa\u00edses industrializados, historicamente respons\u00e1veis pelas maiores emiss\u00f5es de gases de efeito estufa. Do outro, as na\u00e7\u00f5es do Sul Global, que reivindicavam o direito ao desenvolvimento.<\/p>\n\n\n\n<p>\u201cExiste sempre aquela reivindica\u00e7\u00e3o dos pa\u00edses em desenvolvimento pelo seu direito de se desenvolverem, reivindicando tamb\u00e9m o fato de que os outros pa\u00edses degradaram o seu meio ambiente gra\u00e7as a esse processo, para um processo de desenvolvimento que hoje financia uma melhor qualidade de vida para suas popula\u00e7\u00f5es. Esse contraponto \u00e9 muito acentuado em v\u00e1rias discuss\u00f5es comerciais e mesmo nas ambientais de modo geral\u201d, comenta Ana Maria.<\/p>\n\n\n\n<p>Foi na Rio92, realizada no Brasil, que esse conflito ganhou contornos institucionais. A confer\u00eancia resultou na Conven\u00e7\u00e3o-Quadro das Na\u00e7\u00f5es Unidas sobre Mudan\u00e7a do Clima, que estabeleceu as bases para as futuras COPs. O tratado n\u00e3o fixou cortes obrigat\u00f3rios imediatos, mas consolidou um princ\u00edpio central para a diplomacia clim\u00e1tica: o das \u201cresponsabilidades comuns, por\u00e9m diferenciadas, e respectivas capacidades\u201d.<\/p>\n\n\n\n<p>\u201cEsse princ\u00edpio basicamente disp\u00f5e que os pa\u00edses desenvolvidos devem assumir uma responsabilidade maior pelo combate \u00e0s mudan\u00e7as clim\u00e1ticas \u2014 e n\u00e3o s\u00f3 isso, tamb\u00e9m com rela\u00e7\u00e3o a financiamento e outras medidas\u201d, aponta a professora.<\/p>\n\n\n\n<p>O professor Wagner Ribeiro, da Faculdade de Filosofia, Letras e Ci\u00eancias Humanas (FFLCH) da USP, lembra que o embate sobre quem deveria reduzir emiss\u00f5es, e em que ritmo, marcou a primeira COP, em Berlim, 1995: \u201cEsse princ\u00edpio das responsabilidades comuns, por\u00e9m desiguais, foi muito importante, porque garantiu a pa\u00edses que ainda n\u00e3o eram grandes emissores \u2014 como China e e Brasil \u2014 um f\u00f4lego maior de emiss\u00e3o, permitindo um maior desenvolvimento econ\u00f4mico e social\u201d.  Fonte: Jornal da USP<\/p>\n\n\n\n<p><\/p>\n","protected":false},"excerpt":{"rendered":"<p>Entre a urg\u00eancia clim\u00e1tica e a lentid\u00e3o da pol\u00edtica, h\u00e1 tr\u00eas d\u00e9cadas nasciam as COPs. Wagner Ribeiro e Ana Maria Nusdeo explicam os conflitos de interesses na pol\u00edtica internacional que originaram as Confer\u00eancias das Partes Nascidas das contradi\u00e7\u00f5es entre desenvolvimento e responsabilidade ambiental, as Confer\u00eancias das Partes (COPs) se tornaram [&hellip;]<\/p>\n","protected":false},"author":1,"featured_media":2788,"comment_status":"open","ping_status":"open","sticky":false,"template":"","format":"standard","meta":{"footnotes":""},"categories":[261],"tags":[415,413,414],"class_list":{"0":"post-2786","1":"post","2":"type-post","3":"status-publish","4":"format-standard","5":"has-post-thumbnail","7":"category-meio-ambiente","8":"tag-conferencia-das-partes","9":"tag-cop","10":"tag-inicio-das-reunioes-da-cop"},"_links":{"self":[{"href":"https:\/\/cristalvoxnews.com.br\/index.php?rest_route=\/wp\/v2\/posts\/2786","targetHints":{"allow":["GET"]}}],"collection":[{"href":"https:\/\/cristalvoxnews.com.br\/index.php?rest_route=\/wp\/v2\/posts"}],"about":[{"href":"https:\/\/cristalvoxnews.com.br\/index.php?rest_route=\/wp\/v2\/types\/post"}],"author":[{"embeddable":true,"href":"https:\/\/cristalvoxnews.com.br\/index.php?rest_route=\/wp\/v2\/users\/1"}],"replies":[{"embeddable":true,"href":"https:\/\/cristalvoxnews.com.br\/index.php?rest_route=%2Fwp%2Fv2%2Fcomments&post=2786"}],"version-history":[{"count":2,"href":"https:\/\/cristalvoxnews.com.br\/index.php?rest_route=\/wp\/v2\/posts\/2786\/revisions"}],"predecessor-version":[{"id":2790,"href":"https:\/\/cristalvoxnews.com.br\/index.php?rest_route=\/wp\/v2\/posts\/2786\/revisions\/2790"}],"wp:featuredmedia":[{"embeddable":true,"href":"https:\/\/cristalvoxnews.com.br\/index.php?rest_route=\/wp\/v2\/media\/2788"}],"wp:attachment":[{"href":"https:\/\/cristalvoxnews.com.br\/index.php?rest_route=%2Fwp%2Fv2%2Fmedia&parent=2786"}],"wp:term":[{"taxonomy":"category","embeddable":true,"href":"https:\/\/cristalvoxnews.com.br\/index.php?rest_route=%2Fwp%2Fv2%2Fcategories&post=2786"},{"taxonomy":"post_tag","embeddable":true,"href":"https:\/\/cristalvoxnews.com.br\/index.php?rest_route=%2Fwp%2Fv2%2Ftags&post=2786"}],"curies":[{"name":"wp","href":"https:\/\/api.w.org\/{rel}","templated":true}]}}