{"id":2783,"date":"2025-11-23T11:48:49","date_gmt":"2025-11-23T14:48:49","guid":{"rendered":"http:\/\/cristalvox.imprensa.ws\/?p=2783"},"modified":"2025-11-24T12:40:02","modified_gmt":"2025-11-24T15:40:02","slug":"cancer-tratamento-humanizado-proximo-a-sua-casa","status":"publish","type":"post","link":"https:\/\/cristalvoxnews.com.br\/?p=2783","title":{"rendered":"C\u00e2ncer: Tratamento humanizado pr\u00f3ximo a sua casa"},"content":{"rendered":"\n<p><strong>\u201c\u00c9 importante que o paciente com c\u00e2ncer possa ser tratado perto da casa dele\u201d<\/strong><\/p>\n\n\n\n<p><em>O InRad e o Icesp foram credenciados pela Ag\u00eancia Internacional de Energia At\u00f4mica como centros de excel\u00eancia em tratamento e treinamento de recursos humanos para o c\u00e2ncer<\/em><\/p>\n\n\n\n<p>O Instituto de Radiologia (InRad) e o Instituto do C\u00e2ncer do Estado de S\u00e3o Paulo (Icesp), pertencentes ao complexo do Hospital das Cl\u00ednicas da Faculdade de Medicina da USP, foram designados como centros \u00e2ncora (polos regionais) de conhecimento especializado e treinamento da Ag\u00eancia Internacional de Energia At\u00f4mica, a qual, em 2022, lan\u00e7ou o programa Tratamento de C\u00e2ncer para Todos, com isso passando a credenciar centros de excel\u00eancia em tratamento e treinamento de recursos humanos para o c\u00e2ncer. Segundo o professor Giovanni Guido Cerri, presidente dos conselhos do InRad e do InovaHC (N\u00facleo de Inova\u00e7\u00e3o Tecnol\u00f3gica do HC), um grande problema no Brasil \u00e9 o de que o c\u00e2ncer \u00e9 diagnosticado tardiamente, o que tende a agravar os casos da doen\u00e7a, da\u00ed a import\u00e2ncia do diagn\u00f3stico precoce. Uma das formas de tratamento \u00e9 a radioterapia, utilizada por mais da metade dos pacientes com c\u00e2ncer. \u201c\u00c9 uma miss\u00e3o do Hospital das Cl\u00ednicas poder treinar, capacitar, pesquisar na \u00e1rea de c\u00e2ncer. A Ag\u00eancia Internacional de Energia At\u00f4mica est\u00e1 reconhecendo essa import\u00e2ncia do complexo do Hospital das Cl\u00ednicas nessa miss\u00e3o de diagnosticar e tratar o c\u00e2ncer\u201d, diz o m\u00e9dico, acrescentando que nesses centros de refer\u00eancia s\u00e3o treinados profissionais de sa\u00fade, al\u00e9m de serem produzidas pesquisas na \u00e1rea de c\u00e2ncer e ministrados tratamentos que primam pela excel\u00eancia, os quais servem de modelo para protocolos em outras regi\u00f5es do Pa\u00eds.<\/p>\n\n\n\n<p>Cerri conta que, recentemente, a Organiza\u00e7\u00e3o Mundial da Sa\u00fade aprovou uma resolu\u00e7\u00e3o para melhorar o acesso ao diagn\u00f3stico em pa\u00edses de baixa e de m\u00e9dia renda, o que inclui o Brasil. \u201cSe n\u00f3s n\u00e3o refor\u00e7armos a quest\u00e3o do diagn\u00f3stico e da radioterapia no tratamento do c\u00e2ncer, n\u00f3s vamos continuar tendo resultados insatisfat\u00f3rios no tratamento dos pacientes\u201d, ressalta Cerri. \u201cN\u00f3s sabemos que doen\u00e7as cr\u00f4nicas como o c\u00e2ncer s\u00e3o um grande gasto or\u00e7ament\u00e1rio da sa\u00fade. \u00c0 medida que n\u00f3s diagnosticamos mais cedo, n\u00f3s temos um custo menor para a sa\u00fade e um resultado melhor para os pacientes.\u201d Embora o Icesp seja tido como o maior centro de c\u00e2ncer do Pa\u00eds,&nbsp; ainda assim n\u00e3o consegue dar conta da demanda nessa \u00e1rea, da\u00ed a import\u00e2ncia do treinamento de profissionais na \u00e1rea da sa\u00fade, que tem um efeito multiplicador e que pode levar a excel\u00eancia do Hospital das Cl\u00ednicas e da Universidade de S\u00e3o Paulo para outras regi\u00f5es do Pa\u00eds. \u201c\u00c9 importante que o paciente com c\u00e2ncer possa ser tratado perto da casa dele e n\u00e3o empreenda uma longa viagem para conseguir seu tratamento. Precisamos criar polos de tratamento de c\u00e2ncer em todo o Pa\u00eds e ter profissionais bem treinados, esse \u00e9 um papel importante de um centro \u00e2ncora, poder multiplicar o efeito que n\u00f3s temos aqui no Icesp.\u201d O objetivo \u00e9 sempre o diagn\u00f3stico mais precoce e o tratamento mais eficiente.<\/p>\n\n\n\n<p>\u201cOs resultados de tratamento de c\u00e2ncer no Pa\u00eds s\u00e3o bastante insatisfat\u00f3rios pelo diagn\u00f3stico tardio e muitas vezes pela falta de acesso a terap\u00eauticas como a radioterapia. N\u00f3s precisamos fazer um esfor\u00e7o para poder melhorar o resultado do tratamento e fazer com que esses pacientes possam ser tratados regionalmente [\u2026] Por isso que \u00e9 muito importante essa iniciativa da Ag\u00eancia Internacional de Energia At\u00f4mica com esse programa de tratamento de c\u00e2ncer para todos, para divulgar a necessidade de se ter mais equipamentos de diagn\u00f3stico e radioterapia em regi\u00f5es do Pa\u00eds, mas esses profissionais t\u00eam que ser treinados e esse \u00e9 o papel do nosso complexo, poder treinar profissionais para o Pa\u00eds inteiro\u201d, acrescenta ele. \u201cN\u00f3s n\u00e3o vamos conseguir tratar todos os pacientes com c\u00e2ncer, mas podemos ajudar outras regi\u00f5es do Pa\u00eds a tratarem com efici\u00eancia os pacientes com c\u00e2ncer, multiplicando esse nosso compromisso com a forma\u00e7\u00e3o profissional e com a pesquisa na \u00e1rea de oncologia.\u201d&nbsp; Fonte: Jornal da USP<\/p>\n\n\n\n<p>Tags \u2013 Cancer, pesquisa, USP, Agencia Internacional de Energia At\u00f4mica, ICESP, INRAD, professor Giovanni Guido Cerri, Jornal da USP<\/p>\n","protected":false},"excerpt":{"rendered":"<p>\u201c\u00c9 importante que o paciente com c\u00e2ncer possa ser tratado perto da casa dele\u201d O InRad e o Icesp foram credenciados pela Ag\u00eancia Internacional de Energia At\u00f4mica como centros de excel\u00eancia em tratamento e treinamento de recursos humanos para o c\u00e2ncer O Instituto de Radiologia (InRad) e o Instituto do [&hellip;]<\/p>\n","protected":false},"author":1,"featured_media":2784,"comment_status":"open","ping_status":"open","sticky":false,"template":"","format":"standard","meta":{"footnotes":""},"categories":[262],"tags":[398,395,399,400,402,396,401,397],"class_list":{"0":"post-2783","1":"post","2":"type-post","3":"status-publish","4":"format-standard","5":"has-post-thumbnail","7":"category-saude","8":"tag-agencia-internacional-de-energia-atomica","9":"tag-cancer","10":"tag-icesp","11":"tag-inrad","12":"tag-jornal-da-usp","13":"tag-pesquisa","14":"tag-professor-giovanni-guido-cerri","15":"tag-usp"},"_links":{"self":[{"href":"https:\/\/cristalvoxnews.com.br\/index.php?rest_route=\/wp\/v2\/posts\/2783","targetHints":{"allow":["GET"]}}],"collection":[{"href":"https:\/\/cristalvoxnews.com.br\/index.php?rest_route=\/wp\/v2\/posts"}],"about":[{"href":"https:\/\/cristalvoxnews.com.br\/index.php?rest_route=\/wp\/v2\/types\/post"}],"author":[{"embeddable":true,"href":"https:\/\/cristalvoxnews.com.br\/index.php?rest_route=\/wp\/v2\/users\/1"}],"replies":[{"embeddable":true,"href":"https:\/\/cristalvoxnews.com.br\/index.php?rest_route=%2Fwp%2Fv2%2Fcomments&post=2783"}],"version-history":[{"count":1,"href":"https:\/\/cristalvoxnews.com.br\/index.php?rest_route=\/wp\/v2\/posts\/2783\/revisions"}],"predecessor-version":[{"id":2785,"href":"https:\/\/cristalvoxnews.com.br\/index.php?rest_route=\/wp\/v2\/posts\/2783\/revisions\/2785"}],"wp:featuredmedia":[{"embeddable":true,"href":"https:\/\/cristalvoxnews.com.br\/index.php?rest_route=\/wp\/v2\/media\/2784"}],"wp:attachment":[{"href":"https:\/\/cristalvoxnews.com.br\/index.php?rest_route=%2Fwp%2Fv2%2Fmedia&parent=2783"}],"wp:term":[{"taxonomy":"category","embeddable":true,"href":"https:\/\/cristalvoxnews.com.br\/index.php?rest_route=%2Fwp%2Fv2%2Fcategories&post=2783"},{"taxonomy":"post_tag","embeddable":true,"href":"https:\/\/cristalvoxnews.com.br\/index.php?rest_route=%2Fwp%2Fv2%2Ftags&post=2783"}],"curies":[{"name":"wp","href":"https:\/\/api.w.org\/{rel}","templated":true}]}}