{"id":2780,"date":"2025-11-23T11:34:15","date_gmt":"2025-11-23T14:34:15","guid":{"rendered":"http:\/\/cristalvox.imprensa.ws\/?p=2780"},"modified":"2025-11-23T15:01:09","modified_gmt":"2025-11-23T18:01:09","slug":"dormir-3-horas-por-noite-sacrificio-ou-perigo-para-a-saude","status":"publish","type":"post","link":"https:\/\/cristalvoxnews.com.br\/?p=2780","title":{"rendered":"Dormir 3 horas por noite: sacrif\u00edcio ou perigo para a sa\u00fade?"},"content":{"rendered":"\n<p><strong>A escolha de reduzir ao extremo as horas de repouso levanta d\u00favidas quanto aos riscos envolvidos. A primeira-ministra do Jap\u00e3o disse que dorme s\u00f3 tr\u00eas horas por dia. Saiba se isso \u00e9 ben\u00e9fico ou traz problemas \u00e0 sa\u00fade.<\/strong><\/p>\n\n\n\n<p>Dormir apenas tr\u00eas horas por dia \u00e9 uma pr\u00e1tica que chama aten\u00e7\u00e3o, sobretudo quando adotada por figuras p\u00fablicas de destaque, como a primeira-ministra do Jap\u00e3o, Sanae Takaichi. Este comportamento gera debates e questionamentos sobre os reais impactos desse padr\u00e3o de sono na sa\u00fade, no desempenho mental e nas rela\u00e7\u00f5es cotidianas. O tema continua relevante em 2025, pois grande parte da popula\u00e7\u00e3o adulta busca alternativas para aumentar a produtividade na rotina, muitas vezes sacrificando o tempo de descanso.<\/p>\n\n\n\n<p>A escolha de reduzir ao extremo as horas de repouso levanta d\u00favidas quanto aos riscos envolvidos. Embora algumas lideran\u00e7as mundiais relatem rotinas semelhantes, especialistas alertam que a priva\u00e7\u00e3o do sono j\u00e1 \u00e9 apontada como um fator de risco para diversas quest\u00f5es de sa\u00fade. \u00c9 importante compreender as consequ\u00eancias f\u00edsicas e mentais que esse modelo pode acarretar, especialmente quando se trata do bem-estar ao longo dos anos.<\/p>\n\n\n\n<p>O que acontece com o corpo ao dormir apenas tr\u00eas horas?<\/p>\n\n\n\n<p>O sono \u00e9 essencial para a manuten\u00e7\u00e3o de fun\u00e7\u00f5es b\u00e1sicas do corpo humano, como a consolida\u00e7\u00e3o da mem\u00f3ria, o reparo muscular e a regula\u00e7\u00e3o do sistema imunol\u00f3gico. Ao limitar o repouso a tr\u00eas horas di\u00e1rias, o organismo dificilmente consegue completar os ciclos necess\u00e1rios ao pleno funcionamento. Entre os efeitos mais frequentes observados est\u00e3o o aumento do cansa\u00e7o, irritabilidade e diminui\u00e7\u00e3o da concentra\u00e7\u00e3o.<\/p>\n\n\n\n<p>Segundo pesquisas recentes, a priva\u00e7\u00e3o cr\u00f4nica de sono pode prejudicar a produ\u00e7\u00e3o de horm\u00f4nios importantes, afetando o equil\u00edbrio emocional e elevando a propens\u00e3o a doen\u00e7as card\u00edacas e metab\u00f3licas, como diabetes e obesidade. Al\u00e9m disso, h\u00e1 ind\u00edcios de que a mem\u00f3ria tamb\u00e9m sofra impactos negativos, dificultando a aprendizagem e a tomada de decis\u00e3o.<\/p>\n\n\n\n<p>Nos primeiros dias, o corpo pode at\u00e9 se adaptar parcialmente \u00e0 nova rotina, mas, com o passar do tempo, os preju\u00edzos tendem a se acumular, afetando inclusive a imunidade. Sintomas f\u00edsicos como dores de cabe\u00e7a, vis\u00e3o turva e maior tend\u00eancia a acidentes tornam-se situa\u00e7\u00f5es corriqueiras para quem mant\u00e9m por per\u00edodos prolongados um padr\u00e3o de sono reduzido.<\/p>\n\n\n\n<p>Dormir pouco realmente aumenta a produtividade?<\/p>\n\n\n\n<p>Muitos buscam inspira\u00e7\u00e3o em l\u00edderes que afirmam dormir poucas horas, associando essa pr\u00e1tica a um aumento da produtividade. No entanto, estudos cient\u00edficos demonstram o contr\u00e1rio: a priva\u00e7\u00e3o de sono reduz o rendimento cognitivo, compromete a capacidade de resolu\u00e7\u00e3o de problemas e pode levar ao esgotamento f\u00edsico e mental. O c\u00e9rebro necessita de per\u00edodos regulares de repouso para reprocessar informa\u00e7\u00f5es e consolidar lembran\u00e7as.<\/p>\n\n\n\n<p>Em ambientes de trabalho exigentes, erros simples podem acontecer com mais frequ\u00eancia quando o repouso \u00e9 insuficiente. Mesmo que haja sensa\u00e7\u00e3o inicial de produtividade, o ac\u00famulo de fadiga contribui para quedas no desempenho a m\u00e9dio e longo prazo. Especialistas apontam que uma rotina de poucas horas de sono pode gerar um efeito contr\u00e1rio ao esperado, prejudicando tanto a produtividade quanto a criatividade de quem adota esse padr\u00e3o. Conte\u00fado Terra &#8211; <strong>Valdomiro Neto* *com uso de Intelig\u00eancia Artificial \/ Giro 10<\/strong><\/p>\n\n\n\n<p>TAGs &#8211; Dormir 3 horas por noite, sacrif\u00edcio ou perigo para a sa\u00fade?,&nbsp; sono, , desempenho, doen\u00e7a, capacidade, reflexos<\/p>\n","protected":false},"excerpt":{"rendered":"<p>A escolha de reduzir ao extremo as horas de repouso levanta d\u00favidas quanto aos riscos envolvidos. A primeira-ministra do Jap\u00e3o disse que dorme s\u00f3 tr\u00eas horas por dia. Saiba se isso \u00e9 ben\u00e9fico ou traz problemas \u00e0 sa\u00fade. Dormir apenas tr\u00eas horas por dia \u00e9 uma pr\u00e1tica que chama aten\u00e7\u00e3o, [&hellip;]<\/p>\n","protected":false},"author":1,"featured_media":2782,"comment_status":"open","ping_status":"open","sticky":false,"template":"","format":"standard","meta":{"footnotes":""},"categories":[262],"tags":[393,391,392,388,394,389,390],"class_list":{"0":"post-2780","1":"post","2":"type-post","3":"status-publish","4":"format-standard","5":"has-post-thumbnail","7":"category-saude","8":"tag-capacidade","9":"tag-desempenho","10":"tag-doenca","11":"tag-dormir-3-horas-por-noite","12":"tag-reflexos","13":"tag-sacrificio-ou-perigo-para-a-saude","14":"tag-sono"},"_links":{"self":[{"href":"https:\/\/cristalvoxnews.com.br\/index.php?rest_route=\/wp\/v2\/posts\/2780","targetHints":{"allow":["GET"]}}],"collection":[{"href":"https:\/\/cristalvoxnews.com.br\/index.php?rest_route=\/wp\/v2\/posts"}],"about":[{"href":"https:\/\/cristalvoxnews.com.br\/index.php?rest_route=\/wp\/v2\/types\/post"}],"author":[{"embeddable":true,"href":"https:\/\/cristalvoxnews.com.br\/index.php?rest_route=\/wp\/v2\/users\/1"}],"replies":[{"embeddable":true,"href":"https:\/\/cristalvoxnews.com.br\/index.php?rest_route=%2Fwp%2Fv2%2Fcomments&post=2780"}],"version-history":[{"count":1,"href":"https:\/\/cristalvoxnews.com.br\/index.php?rest_route=\/wp\/v2\/posts\/2780\/revisions"}],"predecessor-version":[{"id":2781,"href":"https:\/\/cristalvoxnews.com.br\/index.php?rest_route=\/wp\/v2\/posts\/2780\/revisions\/2781"}],"wp:featuredmedia":[{"embeddable":true,"href":"https:\/\/cristalvoxnews.com.br\/index.php?rest_route=\/wp\/v2\/media\/2782"}],"wp:attachment":[{"href":"https:\/\/cristalvoxnews.com.br\/index.php?rest_route=%2Fwp%2Fv2%2Fmedia&parent=2780"}],"wp:term":[{"taxonomy":"category","embeddable":true,"href":"https:\/\/cristalvoxnews.com.br\/index.php?rest_route=%2Fwp%2Fv2%2Fcategories&post=2780"},{"taxonomy":"post_tag","embeddable":true,"href":"https:\/\/cristalvoxnews.com.br\/index.php?rest_route=%2Fwp%2Fv2%2Ftags&post=2780"}],"curies":[{"name":"wp","href":"https:\/\/api.w.org\/{rel}","templated":true}]}}