{"id":2772,"date":"2025-11-23T10:42:33","date_gmt":"2025-11-23T13:42:33","guid":{"rendered":"http:\/\/cristalvox.imprensa.ws\/?p=2772"},"modified":"2025-11-24T12:35:31","modified_gmt":"2025-11-24T15:35:31","slug":"pl-convoca-reuniao-da-bancada-com-valdemar-apos-prisao-de-bolsonaro","status":"publish","type":"post","link":"https:\/\/cristalvoxnews.com.br\/?p=2772","title":{"rendered":"PL convoca reuni\u00e3o da bancada com Valdemar ap\u00f3s pris\u00e3o de Bolsonaro"},"content":{"rendered":"\n<h2 class=\"wp-block-heading\"><strong>Sigla deve debater estrat\u00e9gias de rea\u00e7\u00e3o na segunda-feira v(24); encontro estava marcado para ter\u00e7a-feira (25) e foi antecipado ap\u00f3s pris\u00e3o preventiva do ex-presidente<\/strong><\/h2>\n\n\n\n<p>A bancada do&nbsp;<strong>Partido Liberal<\/strong>&nbsp;no Congresso deve se reunir nesta segunda-feira (24) com o presidente da sigla&nbsp;<strong>Valdemar Costa Neto<\/strong>&nbsp;para debater a estrat\u00e9gia pol\u00edtica da legenda ap\u00f3s a&nbsp;<a href=\"https:\/\/www.cnnbrasil.com.br\/politica\/bolsonaro-e-preso-pela-policia-federal-em-brasilia\/\" target=\"_blank\" rel=\"noreferrer noopener\">pris\u00e3o preventiva do ex-presidente&nbsp;<strong>Jair Bolsonaro<\/strong>&nbsp;(PL), determinada neste s\u00e1bado (22).<\/a><\/p>\n\n\n\n<p>O encontro ser\u00e1 realizado a partir das 14h na sede do partido, no Setor Hoteleiro Sul, regi\u00e3o central de Bras\u00edlia. Neste s\u00e1bado, a pris\u00e3o do ex-presidente j\u00e1 mobilizou parlamentares da oposi\u00e7\u00e3o, como os deputados H\u00e9lio Lopes (PL-RJ) e Bia Kicis (PL-DF), que compareceram \u00e0 PF (Pol\u00edcia Federal).<\/p>\n\n\n\n<p>inda pela manh\u00e3, os dois parlamentares se juntaram a outros em uma&nbsp;<strong>reuni\u00e3o de emerg\u00eancia<\/strong>, realizada em uma cafeteria pr\u00f3xima ao condom\u00ednio em que Bolsonaro cumpria pris\u00e3o domiciliar, no bairro do Jardim Bot\u00e2nico, em Bras\u00edlia.<\/p>\n\n\n\n<p>Estiveram presentes os filhos do ex-presidente,&nbsp;<strong>Carlos Bolsonaro<\/strong>&nbsp;(PL), vereador no Rio de Janeiro e o senador&nbsp;<strong>Fl\u00e1vio Bolsonaro<\/strong>&nbsp;(PL-RJ), al\u00e9m dos senadores&nbsp;<strong>Rog\u00e9rio Marinho<\/strong>&nbsp;(PL-RN), l\u00edder da oposi\u00e7\u00e3o no Senado, e<strong>&nbsp;Izalci Lucas<\/strong>&nbsp;(PL-DF), l\u00edder da oposi\u00e7\u00e3o no Congresso Nacional.<\/p>\n\n\n\n<p>Deputados tamb\u00e9m devem participar nesta noite de uma\u00a0<strong>vig\u00edlia<\/strong>\u00a0em prol de Bolsonaro. Para os congressistas, h\u00e1 persegui\u00e7\u00e3o pol\u00edtica e ilegitimidade na decis\u00e3o do ministro\u00a0<strong>Alexandre de Moraes<\/strong>, do\u00a0<strong>STF<\/strong>\u00a0(Supremo Tribunal Federal).  Fonte CNN<\/p>\n\n\n\n<p><\/p>\n","protected":false},"excerpt":{"rendered":"<p>Sigla deve debater estrat\u00e9gias de rea\u00e7\u00e3o na segunda-feira v(24); encontro estava marcado para ter\u00e7a-feira (25) e foi antecipado ap\u00f3s pris\u00e3o preventiva do ex-presidente A bancada do&nbsp;Partido Liberal&nbsp;no Congresso deve se reunir nesta segunda-feira (24) com o presidente da sigla&nbsp;Valdemar Costa Neto&nbsp;para debater a estrat\u00e9gia pol\u00edtica da legenda ap\u00f3s a&nbsp;pris\u00e3o preventiva [&hellip;]<\/p>\n","protected":false},"author":1,"featured_media":2774,"comment_status":"open","ping_status":"open","sticky":false,"template":"","format":"standard","meta":{"footnotes":""},"categories":[256],"tags":[374,379,351,380],"class_list":{"0":"post-2772","1":"post","2":"type-post","3":"status-publish","4":"format-standard","5":"has-post-thumbnail","7":"category-politica","8":"tag-jair-bolsonaro","9":"tag-pl","10":"tag-prisao","11":"tag-valdemar-da-costa-neto"},"_links":{"self":[{"href":"https:\/\/cristalvoxnews.com.br\/index.php?rest_route=\/wp\/v2\/posts\/2772","targetHints":{"allow":["GET"]}}],"collection":[{"href":"https:\/\/cristalvoxnews.com.br\/index.php?rest_route=\/wp\/v2\/posts"}],"about":[{"href":"https:\/\/cristalvoxnews.com.br\/index.php?rest_route=\/wp\/v2\/types\/post"}],"author":[{"embeddable":true,"href":"https:\/\/cristalvoxnews.com.br\/index.php?rest_route=\/wp\/v2\/users\/1"}],"replies":[{"embeddable":true,"href":"https:\/\/cristalvoxnews.com.br\/index.php?rest_route=%2Fwp%2Fv2%2Fcomments&post=2772"}],"version-history":[{"count":1,"href":"https:\/\/cristalvoxnews.com.br\/index.php?rest_route=\/wp\/v2\/posts\/2772\/revisions"}],"predecessor-version":[{"id":2773,"href":"https:\/\/cristalvoxnews.com.br\/index.php?rest_route=\/wp\/v2\/posts\/2772\/revisions\/2773"}],"wp:featuredmedia":[{"embeddable":true,"href":"https:\/\/cristalvoxnews.com.br\/index.php?rest_route=\/wp\/v2\/media\/2774"}],"wp:attachment":[{"href":"https:\/\/cristalvoxnews.com.br\/index.php?rest_route=%2Fwp%2Fv2%2Fmedia&parent=2772"}],"wp:term":[{"taxonomy":"category","embeddable":true,"href":"https:\/\/cristalvoxnews.com.br\/index.php?rest_route=%2Fwp%2Fv2%2Fcategories&post=2772"},{"taxonomy":"post_tag","embeddable":true,"href":"https:\/\/cristalvoxnews.com.br\/index.php?rest_route=%2Fwp%2Fv2%2Ftags&post=2772"}],"curies":[{"name":"wp","href":"https:\/\/api.w.org\/{rel}","templated":true}]}}