{"id":2766,"date":"2025-11-23T10:36:37","date_gmt":"2025-11-23T13:36:37","guid":{"rendered":"http:\/\/cristalvox.imprensa.ws\/?p=2766"},"modified":"2025-11-23T10:39:54","modified_gmt":"2025-11-23T13:39:54","slug":"entenda-elementos-que-embasaram-decisao-de-moraes-sobre-prisao-de-bolsonaro","status":"publish","type":"post","link":"https:\/\/cristalvoxnews.com.br\/?p=2766","title":{"rendered":"Entenda elementos que embasaram decis\u00e3o de Moraes sobre pris\u00e3o de Bolsonaro"},"content":{"rendered":"\n<p><strong>Entenda elementos que embasaram decis\u00e3o de Moraes sobre pris\u00e3o de Bolsonaro<\/strong><\/p>\n\n\n\n<p>Vig\u00edlia convocada por Fl\u00e1vio Bolsonaro e suposta tentativa de rompimento da tornozeleira eletr\u00f4nica foram fatores determinantes para decis\u00e3o da PF<\/p>\n\n\n\n<p>A Pol\u00edcia Federal prendeu o ex-presidente Jair Bolsonaro em sua casa em Bras\u00edlia na madrugada deste s\u00e1bado (22). A pris\u00e3o foi solicitada pela pr\u00f3pria PF e autorizada por Alexandre de Moraes, em decis\u00e3o que dever\u00e1 ser referendada pela Primeira Turma do STF em reuni\u00e3o virtual na segunda-feira. Dois elementos principais fundamentaram a decis\u00e3o. O primeiro foi a convoca\u00e7\u00e3o de uma vig\u00edlia em frente ao condom\u00ednio onde Bolsonaro reside, feita por Fl\u00e1vio Bolsonaro por meio de um v\u00eddeo nas redes sociais. O segundo elemento foi uma suposta tentativa de rompimento da tornozeleira eletr\u00f4nica, registrada durante a madrugada. A explica\u00e7\u00e3o \u00e9 do analista Pedro Venceslau<\/p>\n\n\n\n<p>A resid\u00eancia de Bolsonaro est\u00e1 localizada a apenas 13 quil\u00f4metros do Setor de Embaixadas Sul, um trajeto que pode ser percorrido em aproximadamente 15 minutos de carro. No entanto, Bolsonaro encontrava-se em pris\u00e3o domiciliar e sob vigil\u00e2ncia constante.<\/p>\n\n\n\n<p>Alguns juristas questionam a decis\u00e3o. O advogado constitucionalista Andr\u00e9 Marsiglia argumenta que n\u00e3o h\u00e1 na legisla\u00e7\u00e3o elementos que indiquem que vig\u00edlia ou tumulto justifiquem a pris\u00e3o de algu\u00e9m, destacando que a Constitui\u00e7\u00e3o pro\u00edbe a puni\u00e7\u00e3o por atos de terceiros. Por outro lado, outros especialistas defendem que&nbsp;<a href=\"https:\/\/www.cnnbrasil.com.br\/politica\/bolsonaro-ser-preso-no-dia-22-mostra-psicopatia-de-moraes-diz-lider-do-pl\/\">a organiza\u00e7\u00e3o da vig\u00edlia pode ser considerada uma quebra do acordo com o STF<\/a>.<\/p>\n\n\n\n<p><a href=\"https:\/\/www.cnnbrasil.com.br\/politica\/video-veja-como-e-a-cela-especial-da-pf-onde-bolsonaro-esta-preso\/\">A pris\u00e3o preventiva ocorre em um momento<\/a>&nbsp;em que uma s\u00e9rie de agendas estavam sendo organizadas para preparar as bases pol\u00edticas para 2026. Com a medida, Bolsonaro ter\u00e1 restri\u00e7\u00f5es de comunica\u00e7\u00e3o, podendo receber apenas advogados, m\u00e9dicos e filhos.  Fonte CNN<\/p>\n\n\n\n<p><\/p>\n","protected":false},"excerpt":{"rendered":"<p>Entenda elementos que embasaram decis\u00e3o de Moraes sobre pris\u00e3o de Bolsonaro Vig\u00edlia convocada por Fl\u00e1vio Bolsonaro e suposta tentativa de rompimento da tornozeleira eletr\u00f4nica foram fatores determinantes para decis\u00e3o da PF A Pol\u00edcia Federal prendeu o ex-presidente Jair Bolsonaro em sua casa em Bras\u00edlia na madrugada deste s\u00e1bado (22). A [&hellip;]<\/p>\n","protected":false},"author":1,"featured_media":2768,"comment_status":"open","ping_status":"open","sticky":false,"template":"","format":"standard","meta":{"footnotes":""},"categories":[1],"tags":[364,378,371,374,377],"class_list":{"0":"post-2766","1":"post","2":"type-post","3":"status-publish","4":"format-standard","5":"has-post-thumbnail","7":"category-sem-categoria","8":"tag-alexandre-de-moraes","9":"tag-constituicao","10":"tag-flavio-bolsonaro","11":"tag-jair-bolsonaro","12":"tag-vigilia"},"_links":{"self":[{"href":"https:\/\/cristalvoxnews.com.br\/index.php?rest_route=\/wp\/v2\/posts\/2766","targetHints":{"allow":["GET"]}}],"collection":[{"href":"https:\/\/cristalvoxnews.com.br\/index.php?rest_route=\/wp\/v2\/posts"}],"about":[{"href":"https:\/\/cristalvoxnews.com.br\/index.php?rest_route=\/wp\/v2\/types\/post"}],"author":[{"embeddable":true,"href":"https:\/\/cristalvoxnews.com.br\/index.php?rest_route=\/wp\/v2\/users\/1"}],"replies":[{"embeddable":true,"href":"https:\/\/cristalvoxnews.com.br\/index.php?rest_route=%2Fwp%2Fv2%2Fcomments&post=2766"}],"version-history":[{"count":2,"href":"https:\/\/cristalvoxnews.com.br\/index.php?rest_route=\/wp\/v2\/posts\/2766\/revisions"}],"predecessor-version":[{"id":2770,"href":"https:\/\/cristalvoxnews.com.br\/index.php?rest_route=\/wp\/v2\/posts\/2766\/revisions\/2770"}],"wp:featuredmedia":[{"embeddable":true,"href":"https:\/\/cristalvoxnews.com.br\/index.php?rest_route=\/wp\/v2\/media\/2768"}],"wp:attachment":[{"href":"https:\/\/cristalvoxnews.com.br\/index.php?rest_route=%2Fwp%2Fv2%2Fmedia&parent=2766"}],"wp:term":[{"taxonomy":"category","embeddable":true,"href":"https:\/\/cristalvoxnews.com.br\/index.php?rest_route=%2Fwp%2Fv2%2Fcategories&post=2766"},{"taxonomy":"post_tag","embeddable":true,"href":"https:\/\/cristalvoxnews.com.br\/index.php?rest_route=%2Fwp%2Fv2%2Ftags&post=2766"}],"curies":[{"name":"wp","href":"https:\/\/api.w.org\/{rel}","templated":true}]}}