{"id":2678,"date":"2025-11-21T11:35:05","date_gmt":"2025-11-21T14:35:05","guid":{"rendered":"http:\/\/cristalvox.imprensa.ws\/?p=2678"},"modified":"2025-11-23T13:24:25","modified_gmt":"2025-11-23T16:24:25","slug":"chanceler-alemao-volta-a-falar-do-brasil-apos-desprezo-e-manda-recado-afiado-para-lula","status":"publish","type":"post","link":"https:\/\/cristalvoxnews.com.br\/?p=2678","title":{"rendered":"Chanceler alem\u00e3o volta a falar do Brasil ap\u00f3s desprezo e manda recado afiado para Lula"},"content":{"rendered":"\n<p><strong>Depois de demonstrar desprezo pelo Brasil em fala, o chanceler alem\u00e3o Friedrich Merz voltou a falar sobre o nosso pa\u00eds nesta quarta (19) e mandou um recado para o Brasil.<\/strong><\/p>\n\n\n\n<p>\u201cEu disse que a Alemanha \u00e9 um dos pa\u00edses mais bonitos do mundo, e o presidente Lula provavelmente aceitar\u00e1 isso tamb\u00e9m\u201c, declarou ele em uma coletiva de imprensa com o primeiro-ministro sueco Ulf Kristersson, em Berlim.<\/p>\n\n\n\n<p>Antes, o porta-voz do governo, Stefan Kornelius, deixou claro que Merz n\u00e3o pediria desculpas. Ele tamb\u00e9m contextualizou a declara\u00e7\u00e3o de Merz: \u201cA observa\u00e7\u00e3o basicamente se referia ao desejo da delega\u00e7\u00e3o de retornar para casa ap\u00f3s um voo noturno muito intenso e um longo dia em Bel\u00e9m\u201d, amenizou.<\/p>\n\n\n\n<p>Chanceler alem\u00e3o voltou a falar do Brasil<br>Nas redes sociais do principal ve\u00edculo de not\u00edcias alem\u00e3o, o ZDFHeute, os alem\u00e3es criticaram a fala do seu l\u00edder. \u201cEu tamb\u00e9m n\u00e3o gostava de Baerbock como ministra das Rela\u00e7\u00f5es Exteriores, mas se ela tivesse dito isso na \u00e9poca, a Uni\u00e3o Europeia teria ficado revoltada\u201d, disse uma. \u201cQueridos amigos brasileiros, eu n\u00e3o votei nele, estou envergonhada\u201d, declarou outra.<\/p>\n","protected":false},"excerpt":{"rendered":"<p>Depois de demonstrar desprezo pelo Brasil em fala, o chanceler alem\u00e3o Friedrich Merz voltou a falar sobre o nosso pa\u00eds nesta quarta (19) e mandou um recado para o Brasil. \u201cEu disse que a Alemanha \u00e9 um dos pa\u00edses mais bonitos do mundo, e o presidente Lula provavelmente aceitar\u00e1 isso [&hellip;]<\/p>\n","protected":false},"author":1,"featured_media":2749,"comment_status":"open","ping_status":"open","sticky":false,"template":"","format":"standard","meta":{"footnotes":""},"categories":[257],"tags":[293,291,292,290],"class_list":{"0":"post-2678","1":"post","2":"type-post","3":"status-publish","4":"format-standard","5":"has-post-thumbnail","7":"category-mundo","8":"tag-belem","9":"tag-chanceler-alemao","10":"tag-cop-30","11":"tag-luiz-inacio-lula-da-silva"},"_links":{"self":[{"href":"https:\/\/cristalvoxnews.com.br\/index.php?rest_route=\/wp\/v2\/posts\/2678","targetHints":{"allow":["GET"]}}],"collection":[{"href":"https:\/\/cristalvoxnews.com.br\/index.php?rest_route=\/wp\/v2\/posts"}],"about":[{"href":"https:\/\/cristalvoxnews.com.br\/index.php?rest_route=\/wp\/v2\/types\/post"}],"author":[{"embeddable":true,"href":"https:\/\/cristalvoxnews.com.br\/index.php?rest_route=\/wp\/v2\/users\/1"}],"replies":[{"embeddable":true,"href":"https:\/\/cristalvoxnews.com.br\/index.php?rest_route=%2Fwp%2Fv2%2Fcomments&post=2678"}],"version-history":[{"count":1,"href":"https:\/\/cristalvoxnews.com.br\/index.php?rest_route=\/wp\/v2\/posts\/2678\/revisions"}],"predecessor-version":[{"id":2679,"href":"https:\/\/cristalvoxnews.com.br\/index.php?rest_route=\/wp\/v2\/posts\/2678\/revisions\/2679"}],"wp:featuredmedia":[{"embeddable":true,"href":"https:\/\/cristalvoxnews.com.br\/index.php?rest_route=\/wp\/v2\/media\/2749"}],"wp:attachment":[{"href":"https:\/\/cristalvoxnews.com.br\/index.php?rest_route=%2Fwp%2Fv2%2Fmedia&parent=2678"}],"wp:term":[{"taxonomy":"category","embeddable":true,"href":"https:\/\/cristalvoxnews.com.br\/index.php?rest_route=%2Fwp%2Fv2%2Fcategories&post=2678"},{"taxonomy":"post_tag","embeddable":true,"href":"https:\/\/cristalvoxnews.com.br\/index.php?rest_route=%2Fwp%2Fv2%2Ftags&post=2678"}],"curies":[{"name":"wp","href":"https:\/\/api.w.org\/{rel}","templated":true}]}}