{"id":2671,"date":"2025-11-21T11:31:21","date_gmt":"2025-11-21T14:31:21","guid":{"rendered":"http:\/\/cristalvox.imprensa.ws\/?p=2671"},"modified":"2025-11-21T21:02:25","modified_gmt":"2025-11-22T00:02:25","slug":"de-lindbergh-a-sostenes-veja-repercussao-de-indicacao-de-messias-ao-stfhistoria-de-gabriela-piva","status":"publish","type":"post","link":"https:\/\/cristalvoxnews.com.br\/?p=2671","title":{"rendered":"De Lindbergh a S\u00f3stenes, veja repercuss\u00e3o de indica\u00e7\u00e3o de Messias ao STF"},"content":{"rendered":"\n<p><strong>O presidente Luiz In\u00e1cio Lula da Silva (PT) confirmou ao advogado-geral da Uni\u00e3o, Jorge Messias, sua indica\u00e7\u00e3o ao STF (Supremo Tribunal Federal). Messias foi comunicado da decis\u00e3o em reuni\u00e3o nesta quinta-feira (20) no Pal\u00e1cio da Alvorada.<\/strong><\/p>\n\n\n\n<p>Messias se torna a terceira indica\u00e7\u00e3o de Lula no atual mandato. Os outros dois foram Fl\u00e1vio Dino, para o lugar de Rosa Weber; e Cristiano Zanin, que substituiu Ricardo Lewandowski.<\/p>\n\n\n\n<p>Mesmo com a escolha de Lula, ainda h\u00e1 outros passos para serem feitos at\u00e9 que Messias ocupe de fato uma cadeira no STF.<\/p>\n\n\n\n<p>A indica\u00e7\u00e3o de Lula repercutiu entre a classe pol\u00edtica. O deputado federal e l\u00edder do PL na C\u00e2mara S\u00f3stenes Cavalcante (PL-RJ) publicou na rede social X que Messias tem 45 anos e, caso ele seja aceito no cargo, &#8220;ser\u00e3o mais de 30 anos de um esquerdista petista&#8221; na Corte.<\/p>\n\n\n\n<p>J\u00e1 o deputado e l\u00edder do governo na C\u00e2mara, Jos\u00e9 Guimar\u00e3es (PT-CE), afirmou no X que, segundo ele, a escolha de Messias para o cargo &#8220;demonstra responsabilidade&#8221; para fortalecer as institui\u00e7\u00f5es democr\u00e1ticas.<br>Fonte CNN<\/p>\n","protected":false},"excerpt":{"rendered":"<p>O presidente Luiz In\u00e1cio Lula da Silva (PT) confirmou ao advogado-geral da Uni\u00e3o, Jorge Messias, sua indica\u00e7\u00e3o ao STF (Supremo Tribunal Federal). Messias foi comunicado da decis\u00e3o em reuni\u00e3o nesta quinta-feira (20) no Pal\u00e1cio da Alvorada. Messias se torna a terceira indica\u00e7\u00e3o de Lula no atual mandato. Os outros dois [&hellip;]<\/p>\n","protected":false},"author":1,"featured_media":2754,"comment_status":"open","ping_status":"open","sticky":false,"template":"","format":"standard","meta":{"footnotes":""},"categories":[256],"tags":[305,303,284,304,302],"class_list":{"0":"post-2671","1":"post","2":"type-post","3":"status-publish","4":"format-standard","5":"has-post-thumbnail","7":"category-politica","8":"tag-indicacao","9":"tag-lindemberg-farias","10":"tag-messias","11":"tag-ministro-stf","12":"tag-sostenes-cavalcante"},"_links":{"self":[{"href":"https:\/\/cristalvoxnews.com.br\/index.php?rest_route=\/wp\/v2\/posts\/2671","targetHints":{"allow":["GET"]}}],"collection":[{"href":"https:\/\/cristalvoxnews.com.br\/index.php?rest_route=\/wp\/v2\/posts"}],"about":[{"href":"https:\/\/cristalvoxnews.com.br\/index.php?rest_route=\/wp\/v2\/types\/post"}],"author":[{"embeddable":true,"href":"https:\/\/cristalvoxnews.com.br\/index.php?rest_route=\/wp\/v2\/users\/1"}],"replies":[{"embeddable":true,"href":"https:\/\/cristalvoxnews.com.br\/index.php?rest_route=%2Fwp%2Fv2%2Fcomments&post=2671"}],"version-history":[{"count":2,"href":"https:\/\/cristalvoxnews.com.br\/index.php?rest_route=\/wp\/v2\/posts\/2671\/revisions"}],"predecessor-version":[{"id":2673,"href":"https:\/\/cristalvoxnews.com.br\/index.php?rest_route=\/wp\/v2\/posts\/2671\/revisions\/2673"}],"wp:featuredmedia":[{"embeddable":true,"href":"https:\/\/cristalvoxnews.com.br\/index.php?rest_route=\/wp\/v2\/media\/2754"}],"wp:attachment":[{"href":"https:\/\/cristalvoxnews.com.br\/index.php?rest_route=%2Fwp%2Fv2%2Fmedia&parent=2671"}],"wp:term":[{"taxonomy":"category","embeddable":true,"href":"https:\/\/cristalvoxnews.com.br\/index.php?rest_route=%2Fwp%2Fv2%2Fcategories&post=2671"},{"taxonomy":"post_tag","embeddable":true,"href":"https:\/\/cristalvoxnews.com.br\/index.php?rest_route=%2Fwp%2Fv2%2Ftags&post=2671"}],"curies":[{"name":"wp","href":"https:\/\/api.w.org\/{rel}","templated":true}]}}