{"id":2668,"date":"2025-11-21T11:29:47","date_gmt":"2025-11-21T14:29:47","guid":{"rendered":"http:\/\/cristalvox.imprensa.ws\/?p=2668"},"modified":"2025-11-21T21:03:27","modified_gmt":"2025-11-22T00:03:27","slug":"parlamentares-repercutem-incendio-na-cop30-e-criticam-lula-vergonha","status":"publish","type":"post","link":"https:\/\/cristalvoxnews.com.br\/?p=2668","title":{"rendered":"Parlamentares repercutem inc\u00eandio na COP30 e criticam Lula: &#8220;Vergonha"},"content":{"rendered":"\n<p><strong>Um inc\u00eandio atingiu parte da Blue Zone, o centro de negocia\u00e7\u00f5es oficiais da COP30 que acontece em Bel\u00e9m, na tarde desta quinta-feira (20).<\/strong><\/p>\n\n\n\n<p>Em meio \u00e0 evacua\u00e7\u00e3o do local, parlamentares repercutiram o incidente nas redes sociais. O deputado federal e l\u00edder do PL na C\u00e2mara S\u00f3stenes Cavalcante (PL-RJ) chamou a situa\u00e7\u00e3o de &#8220;vergonha internacional&#8221; em uma publica\u00e7\u00e3o no X.<\/p>\n\n\n\n<p>O deputado federal Eduardo Bolsonaro (PL-RJ) disse na rede social que a COP30 tem falta de \u00e1gua, seguran\u00e7a, energia e saneamento.<\/p>\n\n\n\n<p>O ministro do Turismo, Celso Sabino, refor\u00e7ou aos jornalistas que acompanhavam sua sa\u00edda do local que as chamas foram contidas e que o incidente poderia ter acontecido em qualquer lugar.<\/p>\n\n\n\n<p>Veja a repercuss\u00e3o nas redes sociais<\/p>\n\n\n\n<p>-Sem \u00e1gua<\/p>\n\n\n\n<p>-Sem seguran\u00e7a<\/p>\n\n\n\n<p>-Sem energia<\/p>\n\n\n\n<p>-Sem saneamento<\/p>\n\n\n\n<p>E agora, com fogo.<\/p>\n\n\n\n<p>Conte\u00fado CNN<\/p>\n","protected":false},"excerpt":{"rendered":"<p>Um inc\u00eandio atingiu parte da Blue Zone, o centro de negocia\u00e7\u00f5es oficiais da COP30 que acontece em Bel\u00e9m, na tarde desta quinta-feira (20). Em meio \u00e0 evacua\u00e7\u00e3o do local, parlamentares repercutiram o incidente nas redes sociais. O deputado federal e l\u00edder do PL na C\u00e2mara S\u00f3stenes Cavalcante (PL-RJ) chamou a [&hellip;]<\/p>\n","protected":false},"author":1,"featured_media":2755,"comment_status":"open","ping_status":"open","sticky":false,"template":"","format":"standard","meta":{"footnotes":""},"categories":[256],"tags":[292,307,306,308],"class_list":{"0":"post-2668","1":"post","2":"type-post","3":"status-publish","4":"format-standard","5":"has-post-thumbnail","7":"category-politica","8":"tag-cop-30","9":"tag-incendio-cop-30","10":"tag-lula","11":"tag-vergonha-para-o-brasil"},"_links":{"self":[{"href":"https:\/\/cristalvoxnews.com.br\/index.php?rest_route=\/wp\/v2\/posts\/2668","targetHints":{"allow":["GET"]}}],"collection":[{"href":"https:\/\/cristalvoxnews.com.br\/index.php?rest_route=\/wp\/v2\/posts"}],"about":[{"href":"https:\/\/cristalvoxnews.com.br\/index.php?rest_route=\/wp\/v2\/types\/post"}],"author":[{"embeddable":true,"href":"https:\/\/cristalvoxnews.com.br\/index.php?rest_route=\/wp\/v2\/users\/1"}],"replies":[{"embeddable":true,"href":"https:\/\/cristalvoxnews.com.br\/index.php?rest_route=%2Fwp%2Fv2%2Fcomments&post=2668"}],"version-history":[{"count":1,"href":"https:\/\/cristalvoxnews.com.br\/index.php?rest_route=\/wp\/v2\/posts\/2668\/revisions"}],"predecessor-version":[{"id":2669,"href":"https:\/\/cristalvoxnews.com.br\/index.php?rest_route=\/wp\/v2\/posts\/2668\/revisions\/2669"}],"wp:featuredmedia":[{"embeddable":true,"href":"https:\/\/cristalvoxnews.com.br\/index.php?rest_route=\/wp\/v2\/media\/2755"}],"wp:attachment":[{"href":"https:\/\/cristalvoxnews.com.br\/index.php?rest_route=%2Fwp%2Fv2%2Fmedia&parent=2668"}],"wp:term":[{"taxonomy":"category","embeddable":true,"href":"https:\/\/cristalvoxnews.com.br\/index.php?rest_route=%2Fwp%2Fv2%2Fcategories&post=2668"},{"taxonomy":"post_tag","embeddable":true,"href":"https:\/\/cristalvoxnews.com.br\/index.php?rest_route=%2Fwp%2Fv2%2Ftags&post=2668"}],"curies":[{"name":"wp","href":"https:\/\/api.w.org\/{rel}","templated":true}]}}