{"id":2663,"date":"2025-11-21T11:27:21","date_gmt":"2025-11-21T14:27:21","guid":{"rendered":"http:\/\/cristalvox.imprensa.ws\/?p=2663"},"modified":"2025-11-21T21:04:42","modified_gmt":"2025-11-22T00:04:42","slug":"derrite-antecipa-saida-do-governo-de-sp-e-voltara-em-definitivo-a-camara-de-olho-em-vaga-no-senado-em-2026","status":"publish","type":"post","link":"https:\/\/cristalvoxnews.com.br\/?p=2663","title":{"rendered":"Derrite antecipa sa\u00edda do governo de SP e voltar\u00e1 em definitivo \u00e0 C\u00e2mara de olho em vaga no Senado em 2026"},"content":{"rendered":"\n<p><strong>Relator do Projeto de Lei Antifac\u00e7\u00f5es, o deputado federal Guilherme Derrite (PP-SP) afirmou em entrevista \u00e0 GloboNews que deixar\u00e1 o governo de S\u00e3o Paulo em dezembro deste ano e voltar\u00e1 de forma definitiva \u00e0 C\u00e2mara dos Deputados em fevereiro do ano que vem de olho nas elei\u00e7\u00f5es de 2026.<\/strong><\/p>\n\n\n\n<p>O secret\u00e1rio de Seguran\u00e7a P\u00fablica do governo Tarc\u00edsio de Freitas (Republicanos), de S\u00e3o Paulo, se afastou do cargo para relatar o projeto na C\u00e2mara. Segundo ele, j\u00e1 houve um acordo com Tarc\u00edsio para definir sua volta ao Congresso Nacional &#8220;debru\u00e7ado sobre esse [seguran\u00e7a] e outros tantos temas&#8221;.<\/p>\n\n\n\n<p>&#8220;Retorno [\u00e0 Secretaria da Seguran\u00e7a P\u00fablica] agora, dia 24, e da\u00ed vou combinar com o governador o meu retorno definitivo pra C\u00e2mara. Mas pode ser que aconte\u00e7a esse ano ainda&#8221;, disse, ao colocar em 9.9 em uma escala at\u00e9 10 a chance de isso acontecer.<\/p>\n\n\n\n<p>&#8220;Tamb\u00e9m \u00e9 um ano eleitoral, e eu confesso que as aten\u00e7\u00f5es n\u00e3o s\u00f3 de voc\u00eas da m\u00eddia, mas nossa tamb\u00e9m, j\u00e1 est\u00e3o bem voltadas para o ano que vem. Isso deve acontecer, sim [volta \u00e0 C\u00e2mara], afirmou Derrite.  Fonte G1<\/p>\n\n\n\n<p><\/p>\n","protected":false},"excerpt":{"rendered":"<p>Relator do Projeto de Lei Antifac\u00e7\u00f5es, o deputado federal Guilherme Derrite (PP-SP) afirmou em entrevista \u00e0 GloboNews que deixar\u00e1 o governo de S\u00e3o Paulo em dezembro deste ano e voltar\u00e1 de forma definitiva \u00e0 C\u00e2mara dos Deputados em fevereiro do ano que vem de olho nas elei\u00e7\u00f5es de 2026. O [&hellip;]<\/p>\n","protected":false},"author":1,"featured_media":2756,"comment_status":"open","ping_status":"open","sticky":false,"template":"","format":"standard","meta":{"footnotes":""},"categories":[256],"tags":[317,316,315],"class_list":{"0":"post-2663","1":"post","2":"type-post","3":"status-publish","4":"format-standard","5":"has-post-thumbnail","7":"category-politica","8":"tag-camara-dos-deputados","9":"tag-deputado-derrite","10":"tag-derrite"},"_links":{"self":[{"href":"https:\/\/cristalvoxnews.com.br\/index.php?rest_route=\/wp\/v2\/posts\/2663","targetHints":{"allow":["GET"]}}],"collection":[{"href":"https:\/\/cristalvoxnews.com.br\/index.php?rest_route=\/wp\/v2\/posts"}],"about":[{"href":"https:\/\/cristalvoxnews.com.br\/index.php?rest_route=\/wp\/v2\/types\/post"}],"author":[{"embeddable":true,"href":"https:\/\/cristalvoxnews.com.br\/index.php?rest_route=\/wp\/v2\/users\/1"}],"replies":[{"embeddable":true,"href":"https:\/\/cristalvoxnews.com.br\/index.php?rest_route=%2Fwp%2Fv2%2Fcomments&post=2663"}],"version-history":[{"count":2,"href":"https:\/\/cristalvoxnews.com.br\/index.php?rest_route=\/wp\/v2\/posts\/2663\/revisions"}],"predecessor-version":[{"id":2665,"href":"https:\/\/cristalvoxnews.com.br\/index.php?rest_route=\/wp\/v2\/posts\/2663\/revisions\/2665"}],"wp:featuredmedia":[{"embeddable":true,"href":"https:\/\/cristalvoxnews.com.br\/index.php?rest_route=\/wp\/v2\/media\/2756"}],"wp:attachment":[{"href":"https:\/\/cristalvoxnews.com.br\/index.php?rest_route=%2Fwp%2Fv2%2Fmedia&parent=2663"}],"wp:term":[{"taxonomy":"category","embeddable":true,"href":"https:\/\/cristalvoxnews.com.br\/index.php?rest_route=%2Fwp%2Fv2%2Fcategories&post=2663"},{"taxonomy":"post_tag","embeddable":true,"href":"https:\/\/cristalvoxnews.com.br\/index.php?rest_route=%2Fwp%2Fv2%2Ftags&post=2663"}],"curies":[{"name":"wp","href":"https:\/\/api.w.org\/{rel}","templated":true}]}}