{"id":2661,"date":"2025-11-21T11:25:33","date_gmt":"2025-11-21T14:25:33","guid":{"rendered":"http:\/\/cristalvox.imprensa.ws\/?p=2661"},"modified":"2025-11-21T21:07:41","modified_gmt":"2025-11-22T00:07:41","slug":"exercito-recua-cancela-ferias-de-mauro-cid-e-o-mantem-agregado-a-forca","status":"publish","type":"post","link":"https:\/\/cristalvoxnews.com.br\/?p=2661","title":{"rendered":"Ex\u00e9rcito recua, cancela f\u00e9rias de Mauro Cid e o mant\u00e9m agregado \u00e0 For\u00e7a"},"content":{"rendered":"\n<p><strong>O Ex\u00e9rcito brasileiro voltou atr\u00e1s e desistiu de conceder as f\u00e9rias previstas para o tenente-coronel Mauro Cid a partir de novembro. A informa\u00e7\u00e3o \u00e9 do site Metr\u00f3poles. Agora, em vez de se afastar por 60 dias, o ex-ajudante de ordens de Jair Bolsonaro permanece agregado \u2014 um mecanismo que o mant\u00e9m na ativa, por\u00e9m sem a obriga\u00e7\u00e3o de cumprir expediente.<\/strong><\/p>\n\n\n\n<p>A revers\u00e3o ocorre poucos dias ap\u00f3s o Supremo Tribunal Federal (STF) concluir o julgamento de Cid por participa\u00e7\u00e3o na suposta trama golpista investigada pela Corte. Inicialmente, o Ex\u00e9rcito havia informado que o militar sairia de f\u00e9rias ap\u00f3s a decis\u00e3o judicial, medida que buscava evitar \u201cconstrangimentos\u201d dentro da corpora\u00e7\u00e3o, j\u00e1 que Cid delatou colegas de farda no \u00e2mbito do inqu\u00e9rito.<\/p>\n\n\n\n<p>A inten\u00e7\u00e3o, segundo reportagem, era impedir que o tenente-coronel retornasse \u00e0s atividades imediatamente ap\u00f3s colaborar com as investiga\u00e7\u00f5es. No entanto, a For\u00e7a recuou e decidiu adiar o afastamento at\u00e9 que o STF declare a extin\u00e7\u00e3o da pena imposta ao militar.<\/p>\n\n\n\n<p>Mauro Cid foi condenado a dois anos de pris\u00e3o, conforme estipulado em seu acordo de dela\u00e7\u00e3o premiada. Parte da pena, por\u00e9m, j\u00e1 teria sido cumprida durante o per\u00edodo em que ele ficou preso preventivamente, motivo pelo qual sua defesa solicitou formalmente a extin\u00e7\u00e3o da condena\u00e7\u00e3o.<\/p>\n\n\n\n<p>Enquanto a situa\u00e7\u00e3o n\u00e3o se resolve, o Ex\u00e9rcito publicou nesta semana uma portaria determinando a \u201cagrega\u00e7\u00e3o\u201d de Cid. A medida, comum em casos espec\u00edficos, permite que o militar permane\u00e7a vinculado \u00e0 institui\u00e7\u00e3o sem exercer fun\u00e7\u00f5es cotidianas.<\/p>\n\n\n\n<p><\/p>\n","protected":false},"excerpt":{"rendered":"<p>O Ex\u00e9rcito brasileiro voltou atr\u00e1s e desistiu de conceder as f\u00e9rias previstas para o tenente-coronel Mauro Cid a partir de novembro. A informa\u00e7\u00e3o \u00e9 do site Metr\u00f3poles. Agora, em vez de se afastar por 60 dias, o ex-ajudante de ordens de Jair Bolsonaro permanece agregado \u2014 um mecanismo que o [&hellip;]<\/p>\n","protected":false},"author":1,"featured_media":2757,"comment_status":"open","ping_status":"open","sticky":false,"template":"","format":"standard","meta":{"footnotes":""},"categories":[258],"tags":[345,341,342,343,344,346],"class_list":{"0":"post-2661","1":"post","2":"type-post","3":"status-publish","4":"format-standard","5":"has-post-thumbnail","7":"category-brasil","8":"tag-agregado","9":"tag-exercito","10":"tag-exercito-brasileiro","11":"tag-general-thomas","12":"tag-mauro-cid","13":"tag-seguranca"},"_links":{"self":[{"href":"https:\/\/cristalvoxnews.com.br\/index.php?rest_route=\/wp\/v2\/posts\/2661","targetHints":{"allow":["GET"]}}],"collection":[{"href":"https:\/\/cristalvoxnews.com.br\/index.php?rest_route=\/wp\/v2\/posts"}],"about":[{"href":"https:\/\/cristalvoxnews.com.br\/index.php?rest_route=\/wp\/v2\/types\/post"}],"author":[{"embeddable":true,"href":"https:\/\/cristalvoxnews.com.br\/index.php?rest_route=\/wp\/v2\/users\/1"}],"replies":[{"embeddable":true,"href":"https:\/\/cristalvoxnews.com.br\/index.php?rest_route=%2Fwp%2Fv2%2Fcomments&post=2661"}],"version-history":[{"count":1,"href":"https:\/\/cristalvoxnews.com.br\/index.php?rest_route=\/wp\/v2\/posts\/2661\/revisions"}],"predecessor-version":[{"id":2662,"href":"https:\/\/cristalvoxnews.com.br\/index.php?rest_route=\/wp\/v2\/posts\/2661\/revisions\/2662"}],"wp:featuredmedia":[{"embeddable":true,"href":"https:\/\/cristalvoxnews.com.br\/index.php?rest_route=\/wp\/v2\/media\/2757"}],"wp:attachment":[{"href":"https:\/\/cristalvoxnews.com.br\/index.php?rest_route=%2Fwp%2Fv2%2Fmedia&parent=2661"}],"wp:term":[{"taxonomy":"category","embeddable":true,"href":"https:\/\/cristalvoxnews.com.br\/index.php?rest_route=%2Fwp%2Fv2%2Fcategories&post=2661"},{"taxonomy":"post_tag","embeddable":true,"href":"https:\/\/cristalvoxnews.com.br\/index.php?rest_route=%2Fwp%2Fv2%2Ftags&post=2661"}],"curies":[{"name":"wp","href":"https:\/\/api.w.org\/{rel}","templated":true}]}}