{"id":2654,"date":"2025-11-21T11:20:48","date_gmt":"2025-11-21T14:20:48","guid":{"rendered":"http:\/\/cristalvox.imprensa.ws\/?p=2654"},"modified":"2025-11-21T11:53:37","modified_gmt":"2025-11-21T14:53:37","slug":"juiza-ordena-ao-governo-trump-retirar-guarda-nacional-de-washington","status":"publish","type":"post","link":"https:\/\/cristalvoxnews.com.br\/?p=2654","title":{"rendered":"Ju\u00edza ordena ao governo Trump retirar Guarda Nacional de Washington"},"content":{"rendered":"\n<p><strong>Uma ju\u00edza federal dos Estados Unidos ordenou nesta quinta-feira (20) a retirada das tropas da Guarda Nacional de Washington, o que sup\u00f5e um novo rev\u00e9s para Donald Trump em seu enfrentamento com cidades e estados democratas.<\/strong><\/p>\n\n\n\n<p>A ju\u00edza Jia Cobb ordenou o fim do destacamento, mas suspendeu a ordem por 21 dias para permitir que a administra\u00e7\u00e3o Trump apresente um recurso.<\/p>\n\n\n\n<p>O presidente republicano mobilizou efetivos em Washington, Los Angeles e Memphis, cidades governadas por democratas, com o argumento de combater o crime e refor\u00e7ar sua campanha contra os imigrantes em situa\u00e7\u00e3o irregular.<\/p>\n\n\n\n<p>Trump ordenou que mais de 2 mil membros da Guarda Nacional patrulhassem Washington desde 11 de agosto, ap\u00f3s afirmar que a cidade era &#8220;um lugar sujo e infestado de crimes&#8221;.<\/p>\n\n\n\n<p>Brian Schwalb, procurador-geral da capital americana, apresentou uma a\u00e7\u00e3o em setembro para p\u00f4r fim ao destacamento de tropas.<\/p>\n\n\n\n<p>&#8220;Enviar a Guarda Nacional para participar de tarefas de aplica\u00e7\u00e3o da lei n\u00e3o \u00e9 apenas desnecess\u00e1rio e indesejado, mas tamb\u00e9m \u00e9 perigoso e prejudicial&#8221;, disse Schwalb.<\/p>\n\n\n\n<p>Em sua decis\u00e3o desta quinta, Cobb disse que a administra\u00e7\u00e3o Trump havia &#8220;atuado contra a lei&#8221; ao mobilizar tropas para &#8220;miss\u00f5es n\u00e3o militares de dissuas\u00e3o do crime na aus\u00eancia de um pedido das autoridades civis da cidade&#8221;.<\/p>\n\n\n\n<p>A ju\u00edza, designada pelo presidente democrata Joe Biden, tamb\u00e9m disse que o governo federal havia excedido sua autoridade ao trazer efetivos da Guarda Nacional de outros estados para patrulhar a capital.<\/p>\n\n\n\n<p>O uso extraordin\u00e1rio da Guarda Nacional por Trump tamb\u00e9m foi contestado na Justi\u00e7a pela Calif\u00f3rnia no in\u00edcio deste ano, depois que o presidente ordenou a mobiliza\u00e7\u00e3o de tropas em Los Angeles para sufocar protestos provocados pelas batidas contra imigrantes em situa\u00e7\u00e3o irregular.<\/p>\n\n\n\n<p>Um juiz federal decidiu que a medida era ilegal, mas um colegiado de uma corte de apela\u00e7\u00f5es permitiu que o destacamento em Los Angeles continuasse.<\/p>\n\n\n\n<p>Outros ju\u00edzes federais bloquearam temporariamente o envio de tropas a Chicago e Portland, tamb\u00e9m controladas por democratas.<\/p>\n\n\n\n<p>Espera-se que a Corte Suprema emita logo uma decis\u00e3o final sobre se essas a\u00e7\u00f5es do presidente s\u00e3o legais.<\/p>\n\n\n\n<p>Trump negou as acusa\u00e7\u00f5es de que est\u00e1 visando estritamente cidades governadas por seus opositores pol\u00edticos.<\/p>\n\n\n\n<p>Conte\u00fado AFP<\/p>\n","protected":false},"excerpt":{"rendered":"<p>Uma ju\u00edza federal dos Estados Unidos ordenou nesta quinta-feira (20) a retirada das tropas da Guarda Nacional de Washington, o que sup\u00f5e um novo rev\u00e9s para Donald Trump em seu enfrentamento com cidades e estados democratas. A ju\u00edza Jia Cobb ordenou o fim do destacamento, mas suspendeu a ordem por [&hellip;]<\/p>\n","protected":false},"author":1,"featured_media":0,"comment_status":"open","ping_status":"open","sticky":false,"template":"","format":"standard","meta":{"footnotes":""},"categories":[257],"tags":[328,329,330,154],"class_list":{"0":"post-2654","1":"post","2":"type-post","3":"status-publish","4":"format-standard","6":"category-mundo","7":"tag-governo-trump","8":"tag-guarda-nacional","9":"tag-juiza-federal-americana","10":"tag-washington"},"_links":{"self":[{"href":"https:\/\/cristalvoxnews.com.br\/index.php?rest_route=\/wp\/v2\/posts\/2654","targetHints":{"allow":["GET"]}}],"collection":[{"href":"https:\/\/cristalvoxnews.com.br\/index.php?rest_route=\/wp\/v2\/posts"}],"about":[{"href":"https:\/\/cristalvoxnews.com.br\/index.php?rest_route=\/wp\/v2\/types\/post"}],"author":[{"embeddable":true,"href":"https:\/\/cristalvoxnews.com.br\/index.php?rest_route=\/wp\/v2\/users\/1"}],"replies":[{"embeddable":true,"href":"https:\/\/cristalvoxnews.com.br\/index.php?rest_route=%2Fwp%2Fv2%2Fcomments&post=2654"}],"version-history":[{"count":1,"href":"https:\/\/cristalvoxnews.com.br\/index.php?rest_route=\/wp\/v2\/posts\/2654\/revisions"}],"predecessor-version":[{"id":2655,"href":"https:\/\/cristalvoxnews.com.br\/index.php?rest_route=\/wp\/v2\/posts\/2654\/revisions\/2655"}],"wp:attachment":[{"href":"https:\/\/cristalvoxnews.com.br\/index.php?rest_route=%2Fwp%2Fv2%2Fmedia&parent=2654"}],"wp:term":[{"taxonomy":"category","embeddable":true,"href":"https:\/\/cristalvoxnews.com.br\/index.php?rest_route=%2Fwp%2Fv2%2Fcategories&post=2654"},{"taxonomy":"post_tag","embeddable":true,"href":"https:\/\/cristalvoxnews.com.br\/index.php?rest_route=%2Fwp%2Fv2%2Ftags&post=2654"}],"curies":[{"name":"wp","href":"https:\/\/api.w.org\/{rel}","templated":true}]}}