{"id":2605,"date":"2025-11-20T09:28:25","date_gmt":"2025-11-20T12:28:25","guid":{"rendered":"http:\/\/cristalvox.imprensa.ws\/?p=2605"},"modified":"2025-11-21T11:50:43","modified_gmt":"2025-11-21T14:50:43","slug":"prisao-de-bolsonaro-pode-ocorrer-a-qualquer-momento","status":"publish","type":"post","link":"https:\/\/cristalvoxnews.com.br\/?p=2605","title":{"rendered":"Pris\u00e3o de Bolsonaro pode ocorrer a qualquer momento"},"content":{"rendered":"\n<p><strong>Ex-presidente apresenta um quadro de sa\u00fade delicado, marcado por problemas gastrointestinais, anemia e altera\u00e7\u00f5es renais<\/strong><\/p>\n\n\n\n<p>A CNN informa em seu site de not\u00edcias, publicado na manh\u00e3 desta quinta-feira,20, que o ex-presidente Jair Bolsonaro ser\u00e1 encarcerado, a qualquer momento, no complexo prisional da papuda em Bras\u00edlia.<\/p>\n\n\n\n<p>Segundo a publica\u00e7\u00e3o, Bolsonaro permanecer\u00e1 isolado por 10 dias em observa\u00e7\u00e3o medica\/cl\u00ednica para avalia\u00e7\u00e3o do seu real estado de sa\u00fade. Concluidos os laudos realizados pelos peritos, o STF decidir\u00e1 sobre a conveni\u00eancia ou n\u00e3o do cumprimento da pena em regime domiciliar.<\/p>\n\n\n\n<p>A pris\u00e3o de supervis\u00e3o sobre as condi\u00e7\u00f5es de sa\u00fade \u00e9 prevista na Lei de Execu\u00e7\u00e3o Penal (Lei n\u00ba 7.210\/1984) e nas diretrizes da Pol\u00edtica Nacional de Aten\u00e7\u00e3o \u00e0 Sa\u00fade das Pessoas Privadas de Liberdade no Sistema Prisional.<\/p>\n\n\n\n<p>&#8220;Ao ingressar no Sistema Penitenci\u00e1rio do Distrito Federal, a pessoa privada de liberdade permanecer\u00e1 em quarentena preventiva, pelo prazo de dez dias, a fim de permitir o monitoramento de suas condi\u00e7\u00f5es de sa\u00fade, de eventuais doen\u00e7as infectocontagiosas e o desenvolvimento de respostas imunol\u00f3gicas ap\u00f3s o programa de imuniza\u00e7\u00e3o previsto pelo Minist\u00e9rio da Sa\u00fade&#8221;, diz trecho da portaria.<\/p>\n","protected":false},"excerpt":{"rendered":"<p>Ex-presidente apresenta um quadro de sa\u00fade delicado, marcado por problemas gastrointestinais, anemia e altera\u00e7\u00f5es renais A CNN informa em seu site de not\u00edcias, publicado na manh\u00e3 desta quinta-feira,20, que o ex-presidente Jair Bolsonaro ser\u00e1 encarcerado, a qualquer momento, no complexo prisional da papuda em Bras\u00edlia. Segundo a publica\u00e7\u00e3o, Bolsonaro permanecer\u00e1 [&hellip;]<\/p>\n","protected":false},"author":1,"featured_media":2607,"comment_status":"open","ping_status":"open","sticky":false,"template":"","format":"standard","meta":{"footnotes":""},"categories":[256],"tags":[318,319,274,320],"class_list":{"0":"post-2605","1":"post","2":"type-post","3":"status-publish","4":"format-standard","5":"has-post-thumbnail","7":"category-politica","8":"tag-bolsonaro","9":"tag-condenacao-stf","10":"tag-golpe","11":"tag-papuda"},"_links":{"self":[{"href":"https:\/\/cristalvoxnews.com.br\/index.php?rest_route=\/wp\/v2\/posts\/2605","targetHints":{"allow":["GET"]}}],"collection":[{"href":"https:\/\/cristalvoxnews.com.br\/index.php?rest_route=\/wp\/v2\/posts"}],"about":[{"href":"https:\/\/cristalvoxnews.com.br\/index.php?rest_route=\/wp\/v2\/types\/post"}],"author":[{"embeddable":true,"href":"https:\/\/cristalvoxnews.com.br\/index.php?rest_route=\/wp\/v2\/users\/1"}],"replies":[{"embeddable":true,"href":"https:\/\/cristalvoxnews.com.br\/index.php?rest_route=%2Fwp%2Fv2%2Fcomments&post=2605"}],"version-history":[{"count":1,"href":"https:\/\/cristalvoxnews.com.br\/index.php?rest_route=\/wp\/v2\/posts\/2605\/revisions"}],"predecessor-version":[{"id":2606,"href":"https:\/\/cristalvoxnews.com.br\/index.php?rest_route=\/wp\/v2\/posts\/2605\/revisions\/2606"}],"wp:featuredmedia":[{"embeddable":true,"href":"https:\/\/cristalvoxnews.com.br\/index.php?rest_route=\/wp\/v2\/media\/2607"}],"wp:attachment":[{"href":"https:\/\/cristalvoxnews.com.br\/index.php?rest_route=%2Fwp%2Fv2%2Fmedia&parent=2605"}],"wp:term":[{"taxonomy":"category","embeddable":true,"href":"https:\/\/cristalvoxnews.com.br\/index.php?rest_route=%2Fwp%2Fv2%2Fcategories&post=2605"},{"taxonomy":"post_tag","embeddable":true,"href":"https:\/\/cristalvoxnews.com.br\/index.php?rest_route=%2Fwp%2Fv2%2Ftags&post=2605"}],"curies":[{"name":"wp","href":"https:\/\/api.w.org\/{rel}","templated":true}]}}