{"id":2528,"date":"2025-11-19T18:05:14","date_gmt":"2025-11-19T21:05:14","guid":{"rendered":"http:\/\/cristalvox.imprensa.ws\/?p=2528"},"modified":"2025-11-21T11:51:29","modified_gmt":"2025-11-21T14:51:29","slug":"rodrigo-pacheco-magoado-com-lula-diz-que-vai-deixar-a-politica","status":"publish","type":"post","link":"https:\/\/cristalvoxnews.com.br\/?p=2528","title":{"rendered":"Rodrigo Pacheco, magoado com Lula diz que vai deixar a pol\u00edtica"},"content":{"rendered":"\n<p>O senador Rodrigo Pacheco (PSD-MG) afirmou nesta quarta-feira, 19, que quer encerrar sua carreira pol\u00edtica ao fim do seu mandato no Senado, no in\u00edcio de 2027. No ano passado, Pacheco j\u00e1 havia manifestado essa inten\u00e7\u00e3o, que refor\u00e7ou em conversa com o presidente Luiz In\u00e1cio Lula da Silva (PT) nesta semana.<\/p>\n\n\n\n<p>\u201cEu nunca pensei em me eternizar na pol\u00edtica. H\u00e1, inclusive, muitos pronunciamentos meus, desde quando entrei e deixei a advocacia, nos quais eu dizia que tinha uma data de entrada e tamb\u00e9m uma data de sa\u00edda da pol\u00edtica\u201d, afirmou Pacheco a jornalistas.<\/p>\n\n\n\n<p>Como mostrou o Estad\u00e3o, na noite de segunda-feira, 17, Lula disse a Pacheco que escolheu o advogado-geral da Uni\u00e3o, Jorge Messias, para a vaga no Supremo Tribunal Federal (STF), aberta com a aposentadoria de Lu\u00eds Roberto Barroso. Segundo Pacheco, a conversa foi \u201camistosa, franca e muito esclarecedora\u201d.<\/p>\n\n\n\n<p>\u201cO presidente disse que tinha tomado uma decis\u00e3o, que seria anunciada em breve, e manifestou o desejo de ver a minha candidatura ao governo do Estado\u201d, afirmou o senador. Lula quer que Pacheco seja candidato ao governo de Minas Gerais, em 2026, mas ele rejeita a ideia.<\/p>\n\n\n\n<p>\u201cH\u00e1 uma reflex\u00e3o j\u00e1 de bastante tempo sobre o encerramento da vida p\u00fablica\u201d, afirmou. \u201cPrincipalmente ap\u00f3s a sa\u00edda da presid\u00eancia do Senado, eu vinha amadurecendo a ideia de concluir a minha trajet\u00f3ria ao final do mandato.\u201d<\/p>\n\n\n\n<p>Pacheco, contudo, disse que este n\u00e3o \u00e9 um posicionamento final. \u201cUma decis\u00e3o definitiva, at\u00e9 por respeito e defer\u00eancia, precisa ser constru\u00edda com alguns companheiros que sempre estiveram ao meu lado, deputados federais, estaduais, prefeitos e vereadores. \u00c9 necess\u00e1rio conversar para ter esse alinhamento, para que tudo fique claro e sem arestas.\u201d<\/p>\n\n\n\n<p>O senador tamb\u00e9m disse que na conversa com Lula n\u00e3o tratou de um eventual \u201cplano B\u201d para o governo de Minas Gerais. \u201cN\u00e3o dialogamos sobre isso\u201d, afirmou.<\/p>\n\n\n\n<p>\u201cGosto do presidente Lula, sei que ele gosta muito de mim\u201d, acrescentou. Pacheco disse que permanecer\u00e1 no Congresso \u201cajudando nas pautas do Brasil\u201d pelos pr\u00f3ximos 14 meses que lhe restam de mandato.<\/p>\n\n\n\n<p>At\u00e9 o momento, Lula ainda n\u00e3o enviou ao Senado a indica\u00e7\u00e3o para a vaga de Barroso no STF. Ap\u00f3s a escolha do presidente, o nome ser\u00e1 sabatinado pela Comiss\u00e3o de Constitui\u00e7\u00e3o, Justi\u00e7a e Cidadania (CCJ) e apreciado pelo plen\u00e1rio da Casa.<\/p>\n","protected":false},"excerpt":{"rendered":"<p>O senador Rodrigo Pacheco (PSD-MG) afirmou nesta quarta-feira, 19, que quer encerrar sua carreira pol\u00edtica ao fim do seu mandato no Senado, no in\u00edcio de 2027. No ano passado, Pacheco j\u00e1 havia manifestado essa inten\u00e7\u00e3o, que refor\u00e7ou em conversa com o presidente Luiz In\u00e1cio Lula da Silva (PT) nesta semana. [&hellip;]<\/p>\n","protected":false},"author":1,"featured_media":2591,"comment_status":"open","ping_status":"open","sticky":false,"template":"","format":"standard","meta":{"footnotes":""},"categories":[256],"tags":[323,322,324,321],"class_list":{"0":"post-2528","1":"post","2":"type-post","3":"status-publish","4":"format-standard","5":"has-post-thumbnail","7":"category-politica","8":"tag-abandono-politica","9":"tag-frustracao","10":"tag-governador-em-minas-gerais","11":"tag-rodrigo-pacheco"},"_links":{"self":[{"href":"https:\/\/cristalvoxnews.com.br\/index.php?rest_route=\/wp\/v2\/posts\/2528","targetHints":{"allow":["GET"]}}],"collection":[{"href":"https:\/\/cristalvoxnews.com.br\/index.php?rest_route=\/wp\/v2\/posts"}],"about":[{"href":"https:\/\/cristalvoxnews.com.br\/index.php?rest_route=\/wp\/v2\/types\/post"}],"author":[{"embeddable":true,"href":"https:\/\/cristalvoxnews.com.br\/index.php?rest_route=\/wp\/v2\/users\/1"}],"replies":[{"embeddable":true,"href":"https:\/\/cristalvoxnews.com.br\/index.php?rest_route=%2Fwp%2Fv2%2Fcomments&post=2528"}],"version-history":[{"count":1,"href":"https:\/\/cristalvoxnews.com.br\/index.php?rest_route=\/wp\/v2\/posts\/2528\/revisions"}],"predecessor-version":[{"id":2529,"href":"https:\/\/cristalvoxnews.com.br\/index.php?rest_route=\/wp\/v2\/posts\/2528\/revisions\/2529"}],"wp:featuredmedia":[{"embeddable":true,"href":"https:\/\/cristalvoxnews.com.br\/index.php?rest_route=\/wp\/v2\/media\/2591"}],"wp:attachment":[{"href":"https:\/\/cristalvoxnews.com.br\/index.php?rest_route=%2Fwp%2Fv2%2Fmedia&parent=2528"}],"wp:term":[{"taxonomy":"category","embeddable":true,"href":"https:\/\/cristalvoxnews.com.br\/index.php?rest_route=%2Fwp%2Fv2%2Fcategories&post=2528"},{"taxonomy":"post_tag","embeddable":true,"href":"https:\/\/cristalvoxnews.com.br\/index.php?rest_route=%2Fwp%2Fv2%2Ftags&post=2528"}],"curies":[{"name":"wp","href":"https:\/\/api.w.org\/{rel}","templated":true}]}}