{"id":2523,"date":"2025-11-19T18:01:44","date_gmt":"2025-11-19T21:01:44","guid":{"rendered":"http:\/\/cristalvox.imprensa.ws\/?p=2523"},"modified":"2025-11-21T11:58:20","modified_gmt":"2025-11-21T14:58:20","slug":"eduardo-bolsonaro-procuradoria-geral-da-fazenda-inclui-nome-do-parlamentar-na-divida-ativa-da-uniao","status":"publish","type":"post","link":"https:\/\/cristalvoxnews.com.br\/?p=2523","title":{"rendered":"Eduardo Bolsonaro: Procuradoria-Geral da Fazenda inclui nome do parlamentar na D\u00edvida Ativa da Uni\u00e3o"},"content":{"rendered":"\n<p>A Procuradoria-Geral da Fazenda Nacional (PGFN) incluiu o deputado Eduardo Bolsonaro (PL-SP) na D\u00edvida Ativa da Uni\u00e3o ap\u00f3s acatar o pedido da C\u00e2mara dos Deputados na ter\u00e7a-feira, 18. A medida foi oficializada pela procuradora Lu\u00edsa Gomes Rodrigues de Andrade.<\/p>\n\n\n\n<p>Licenciado e residindo nos Estados Unidos, Eduardo deve mais de R$ 13,9 mil \u00e0 C\u00e2mara devido \u00e0s aus\u00eancias injustificadas em vota\u00e7\u00f5es. O parlamentar foi avisado sobre a d\u00edvida ainda em agosto deste ano, mas n\u00e3o devolveu o valor at\u00e9 ent\u00e3o. A inclus\u00e3o na lista da D\u00edvida Ativa da Uni\u00e3o deixa o bolsonarista com o \u201cnome sujo\u201d nos \u00f3rg\u00e3os de prote\u00e7\u00e3o de cr\u00e9dito e pode fazer com que ele sofra um processo extrajudicial.<\/p>\n\n\n\n<p>As faltas s\u00e3o referentes ao per\u00edodo em que o deputado j\u00e1 estava nos EUA, mas ainda n\u00e3o havia tirado licen\u00e7a n\u00e3o-remunerada de seu mandato. Os tr\u00e2mites come\u00e7aram a partir de recomenda\u00e7\u00e3o do Tribunal de Contas da Uni\u00e3o (TCU) para que a C\u00e2mara investigasse o uso de recursos p\u00fablicos para o deputado se manter no pa\u00eds americano.<\/p>\n\n\n\n<ul class=\"wp-block-list\">\n<li>Eduardo Bolsonaro diz ser \u2018motivo de orgulho\u2019 virar r\u00e9u em a\u00e7\u00e3o no STF<\/li>\n<\/ul>\n\n\n\n<p>Segundo o regimento da Casa, as faltas podem ser descontadas dos sal\u00e1rios dos deputados, o que justifica a d\u00edvida. Na p\u00e1gina do deputado no portal da C\u00e2mara, s\u00e3o registradas quatro aus\u00eancias no m\u00eas de mar\u00e7o, antes do an\u00fancio de que ele se mudaria para os EUA em busca de san\u00e7\u00f5es contra o Brasil para facilitar a vida do pai na Justi\u00e7a, o ex-presidente Jair Bolsonaro (PL).<\/p>\n\n\n\n<p>O boleto com a cobran\u00e7a foi enviado dia 13 de agosto para o gabinete de Eduardo e recebido por uma secret\u00e1ria parlamentar, mas n\u00e3o houve pagamento. A Guia de Recolhimento da Uni\u00e3o (GRU) venceu dia 12, um m\u00eas depois do envio.<\/p>\n\n\n\n<p>A C\u00e2mara at\u00e9 tentou quitar o valor da d\u00edvida pela folha de pagamento, mas n\u00e3o possu\u00eda saldo suficiente. Com isso, a cobran\u00e7a foi encaminhada de forma individualizada ao deputado. No m\u00eas passado, ele tamb\u00e9m foi colocado no cadastro de vendedores do setor p\u00fablico federal.                                       Conte\u00fado Isto \u00c9<\/p>\n\n\n\n<p><\/p>\n","protected":false},"excerpt":{"rendered":"<p>A Procuradoria-Geral da Fazenda Nacional (PGFN) incluiu o deputado Eduardo Bolsonaro (PL-SP) na D\u00edvida Ativa da Uni\u00e3o ap\u00f3s acatar o pedido da C\u00e2mara dos Deputados na ter\u00e7a-feira, 18. A medida foi oficializada pela procuradora Lu\u00edsa Gomes Rodrigues de Andrade. Licenciado e residindo nos Estados Unidos, Eduardo deve mais de R$ [&hellip;]<\/p>\n","protected":false},"author":1,"featured_media":2592,"comment_status":"open","ping_status":"open","sticky":false,"template":"","format":"standard","meta":{"footnotes":""},"categories":[256],"tags":[348,289,347],"class_list":{"0":"post-2523","1":"post","2":"type-post","3":"status-publish","4":"format-standard","5":"has-post-thumbnail","7":"category-politica","8":"tag-devolucao-salarios","9":"tag-eduardo-bolsonaro","10":"tag-procuradoria-geral-da-uniao"},"_links":{"self":[{"href":"https:\/\/cristalvoxnews.com.br\/index.php?rest_route=\/wp\/v2\/posts\/2523","targetHints":{"allow":["GET"]}}],"collection":[{"href":"https:\/\/cristalvoxnews.com.br\/index.php?rest_route=\/wp\/v2\/posts"}],"about":[{"href":"https:\/\/cristalvoxnews.com.br\/index.php?rest_route=\/wp\/v2\/types\/post"}],"author":[{"embeddable":true,"href":"https:\/\/cristalvoxnews.com.br\/index.php?rest_route=\/wp\/v2\/users\/1"}],"replies":[{"embeddable":true,"href":"https:\/\/cristalvoxnews.com.br\/index.php?rest_route=%2Fwp%2Fv2%2Fcomments&post=2523"}],"version-history":[{"count":2,"href":"https:\/\/cristalvoxnews.com.br\/index.php?rest_route=\/wp\/v2\/posts\/2523\/revisions"}],"predecessor-version":[{"id":2527,"href":"https:\/\/cristalvoxnews.com.br\/index.php?rest_route=\/wp\/v2\/posts\/2523\/revisions\/2527"}],"wp:featuredmedia":[{"embeddable":true,"href":"https:\/\/cristalvoxnews.com.br\/index.php?rest_route=\/wp\/v2\/media\/2592"}],"wp:attachment":[{"href":"https:\/\/cristalvoxnews.com.br\/index.php?rest_route=%2Fwp%2Fv2%2Fmedia&parent=2523"}],"wp:term":[{"taxonomy":"category","embeddable":true,"href":"https:\/\/cristalvoxnews.com.br\/index.php?rest_route=%2Fwp%2Fv2%2Fcategories&post=2523"},{"taxonomy":"post_tag","embeddable":true,"href":"https:\/\/cristalvoxnews.com.br\/index.php?rest_route=%2Fwp%2Fv2%2Ftags&post=2523"}],"curies":[{"name":"wp","href":"https:\/\/api.w.org\/{rel}","templated":true}]}}