{"id":2515,"date":"2025-11-19T17:27:20","date_gmt":"2025-11-19T20:27:20","guid":{"rendered":"http:\/\/cristalvox.imprensa.ws\/?p=2515"},"modified":"2025-11-21T12:00:40","modified_gmt":"2025-11-21T15:00:40","slug":"motta-governo-lula-optou-por-caminho-errado-ao-nao-compor-corrente-para-combater-o-crime-2","status":"publish","type":"post","link":"https:\/\/cristalvoxnews.com.br\/?p=2515","title":{"rendered":"Motta: governo Lula &#8216;optou por caminho errado ao n\u00e3o compor corrente para combater o crime&#8217;"},"content":{"rendered":"\n<p>O presidente da C\u00e2mara dos Deputados, Hugo Motta (Republicanos-PB), voltou a criticar o governo por ter se posicionado de forma contr\u00e1ria ao &#8220;Marco Legal do Combate ao Crime Organizado&#8221;, proposta do deputado Guilherme Derrite (PP-SP) que foi aprovada na ter\u00e7a-feira, 18, e encaminhada ao Senado.<\/p>\n\n\n\n<p>O presidente da C\u00e2mara dos Deputados, Hugo Motta (Republicanos-PB), voltou a criticar o governo por ter se posicionado de forma contr\u00e1ria ao &#8220;Marco Legal do Combate ao Crime Organizado&#8221;, proposta do deputado Guilherme Derrite (PP-SP) que foi aprovada na ter\u00e7a-feira, 18, e encaminhada ao Senado.<\/p>\n\n\n\n<p>&#8220;N\u00e3o se pode desinformar a popula\u00e7\u00e3o, que \u00e9 alvo diariamente do crime, com inverdades. \u00c9 muito grave que se tente distorcer os efeitos de um Marco Legal de Combate ao Crime Organizado cuja finalidade \u00e9 refor\u00e7ar a capacidade do Estado na seguran\u00e7a p\u00fablica&#8221;, escreveu Motta, na rede social X, nesta quarta-feira, 19.<\/p>\n\n\n\n<p>O presidente da C\u00e2mara prosseguiu: &#8220;N\u00e3o vamos enfrentar a viol\u00eancia das ruas com falsas narrativas. Precisamos estar unidos neste momento. O governo optou pelo caminho errado ao n\u00e3o compor essa corrente de uni\u00e3o para combater a criminalidade. Repito: seguran\u00e7a n\u00e3o pode ser ref\u00e9m de falsas narrativas&#8221;.<\/p>\n\n\n\n<p>Mais cedo, Motta j\u00e1 havia dito \u00e0 r\u00e1dio CBN que o governo foi &#8220;infeliz&#8221; em orientar o voto contr\u00e1rio.<\/p>\n\n\n\n<p>Tamb\u00e9m nesta ter\u00e7a, o presidente Lula criticou o texto aprovado pela C\u00e2mara e pediu di\u00e1logo e responsabilidade ao Senado. &#8220;Do jeito que est\u00e1, enfraquece o combate ao crime e gera inseguran\u00e7a jur\u00eddica. Trocar o certo pelo duvidoso s\u00f3 favorece quem quer escapar da lei&#8221;, disse o presidente.<\/p>\n\n\n\n<p>As declara\u00e7\u00f5es ocorrem no dia seguinte \u00e0 aprova\u00e7\u00e3o do &#8220;PL Antifac\u00e7\u00e3o&#8221; na C\u00e2mara, por 370 votos a 110. A proposta era originalmente do governo, mas Derrite mudou significativamente o texto. O deputado est\u00e1 licenciado do cargo de secret\u00e1rio de Seguran\u00e7a P\u00fablica do governador de S\u00e3o Paulo, Tarc\u00edsio de Freitas (Republicanos).<\/p>\n\n\n\n<p>O governo critica, sobretudo, tr\u00eas pontos da proposta de Derrite: a mudan\u00e7a da tipifica\u00e7\u00e3o penal de &#8220;fac\u00e7\u00e3o criminosa&#8221;, as altera\u00e7\u00f5es nos repasses de recursos aos fundos federais de seguran\u00e7a p\u00fablica e a reformula\u00e7\u00e3o dos procedimentos de perdimentos de bens contra empresas beneficiadas pelo crime organizado.<br>Conte\u00fado: Estad\u00e3o e UOL<\/p>\n","protected":false},"excerpt":{"rendered":"<p>O presidente da C\u00e2mara dos Deputados, Hugo Motta (Republicanos-PB), voltou a criticar o governo por ter se posicionado de forma contr\u00e1ria ao &#8220;Marco Legal do Combate ao Crime Organizado&#8221;, proposta do deputado Guilherme Derrite (PP-SP) que foi aprovada na ter\u00e7a-feira, 18, e encaminhada ao Senado. O presidente da C\u00e2mara dos [&hellip;]<\/p>\n","protected":false},"author":1,"featured_media":2595,"comment_status":"open","ping_status":"open","sticky":false,"template":"","format":"standard","meta":{"footnotes":""},"categories":[256],"tags":[358,357,306,355,356],"class_list":{"0":"post-2515","1":"post","2":"type-post","3":"status-publish","4":"format-standard","5":"has-post-thumbnail","7":"category-politica","8":"tag-lei-antifaccao","9":"tag-lei-antiterrorismo","10":"tag-lula","11":"tag-motta","12":"tag-votacao-camara"},"_links":{"self":[{"href":"https:\/\/cristalvoxnews.com.br\/index.php?rest_route=\/wp\/v2\/posts\/2515","targetHints":{"allow":["GET"]}}],"collection":[{"href":"https:\/\/cristalvoxnews.com.br\/index.php?rest_route=\/wp\/v2\/posts"}],"about":[{"href":"https:\/\/cristalvoxnews.com.br\/index.php?rest_route=\/wp\/v2\/types\/post"}],"author":[{"embeddable":true,"href":"https:\/\/cristalvoxnews.com.br\/index.php?rest_route=\/wp\/v2\/users\/1"}],"replies":[{"embeddable":true,"href":"https:\/\/cristalvoxnews.com.br\/index.php?rest_route=%2Fwp%2Fv2%2Fcomments&post=2515"}],"version-history":[{"count":1,"href":"https:\/\/cristalvoxnews.com.br\/index.php?rest_route=\/wp\/v2\/posts\/2515\/revisions"}],"predecessor-version":[{"id":2516,"href":"https:\/\/cristalvoxnews.com.br\/index.php?rest_route=\/wp\/v2\/posts\/2515\/revisions\/2516"}],"wp:featuredmedia":[{"embeddable":true,"href":"https:\/\/cristalvoxnews.com.br\/index.php?rest_route=\/wp\/v2\/media\/2595"}],"wp:attachment":[{"href":"https:\/\/cristalvoxnews.com.br\/index.php?rest_route=%2Fwp%2Fv2%2Fmedia&parent=2515"}],"wp:term":[{"taxonomy":"category","embeddable":true,"href":"https:\/\/cristalvoxnews.com.br\/index.php?rest_route=%2Fwp%2Fv2%2Fcategories&post=2515"},{"taxonomy":"post_tag","embeddable":true,"href":"https:\/\/cristalvoxnews.com.br\/index.php?rest_route=%2Fwp%2Fv2%2Ftags&post=2515"}],"curies":[{"name":"wp","href":"https:\/\/api.w.org\/{rel}","templated":true}]}}