{"id":2512,"date":"2025-11-19T17:19:47","date_gmt":"2025-11-19T20:19:47","guid":{"rendered":"http:\/\/cristalvox.imprensa.ws\/?p=2512"},"modified":"2025-11-21T12:01:27","modified_gmt":"2025-11-21T15:01:27","slug":"motta-governo-lula-optou-por-caminho-errado-ao-nao-compor-corrente-para-combater-o-crime","status":"publish","type":"post","link":"https:\/\/cristalvoxnews.com.br\/?p=2512","title":{"rendered":"Lula critica texto do PL Antifac\u00e7\u00e3o da C\u00e2mara e pede di\u00e1logo e responsabilidade ao Senado"},"content":{"rendered":"\n<p>O presidente Luiz In\u00e1cio Lula da Silva disse que o texto do projeto de lei de combate \u00e0s fac\u00e7\u00f5es criminosas aprovado pela C\u00e2mara &#8220;enfraquece&#8221; o enfrentamento ao crime organizado e &#8220;gera inseguran\u00e7a jur\u00eddica&#8221;.<\/p>\n\n\n\n<p>Essa foi a primeira manifesta\u00e7\u00e3o do presidente ap\u00f3s a C\u00e2mara ter aprovado, por 370 votos a 110, o projeto de lei enviado pelo pr\u00f3prio governo ao Congresso. O presidente da C\u00e2mara, Hugo Motta (Republicanos-PB), escolheu como relator o deputado Guilherme Derrite (PP-SP), licenciado do cargo de secret\u00e1rio de Seguran\u00e7a P\u00fablica de S\u00e3o Paulo no governo de Tarc\u00edsio de Freitas.<\/p>\n\n\n\n<p>Derrite fez uma s\u00e9rie de mudan\u00e7as no texto e desagradou ao governo, que cobrou, desde a semana passada, altera\u00e7\u00f5es no texto. Todos os deputados do PT presentes votaram contra o texto.<\/p>\n\n\n\n<p>&#8220;Precisamos de leis firmes e seguras para combater o crime organizado. O projeto aprovado ontem pela C\u00e2mara alterou pontos centrais do PL Antifac\u00e7\u00e3o que nosso governo apresentou. Do jeito que est\u00e1, enfraquece o combate ao crime e gera inseguran\u00e7a jur\u00eddica. Trocar o certo pelo duvidoso s\u00f3 favorece quem quer escapar da lei&#8221;, disse o presidente em sua conta no X.<\/p>\n\n\n\n<p>Lula pediu ao Senado que tenha &#8220;o di\u00e1logo e a responsabilidade na an\u00e1lise do projeto&#8221;, indicando que um caminho para o governo seja alterar o texto na Casa Alta do Congresso. O relator ser\u00e1 o senador Alessandro Vieira (MDB-SE), conforme anunciado pelo presidente do Senado, Davi Alcolumbre (Uni\u00e3o Brasil-AP).<\/p>\n\n\n\n<p>&#8220;O compromisso do Governo do Brasil \u00e9 com uma agenda legislativa que fortale\u00e7a as a\u00e7\u00f5es da Pol\u00edcia Federal, garanta maior integra\u00e7\u00e3o entre as for\u00e7as de seguran\u00e7a e amplie o trabalho de intelig\u00eancia para enfrentar as fac\u00e7\u00f5es nos territ\u00f3rios onde elas tentam se impor, mas especialmente para atingir as estruturas de comando que sustentam e financiam seus crimes&#8221;, declarou.<\/p>\n\n\n\n<p>O presidente disse que o governo est\u00e1 &#8220;do lado do povo brasileiro&#8221; e que n\u00e3o abrir\u00e1 m\u00e3o de &#8220;combater de verdade toda a cadeia do crime organizado&#8221;.<br>Conte\u00fado Estad\u00e3o e UOL<\/p>\n","protected":false},"excerpt":{"rendered":"<p>O presidente Luiz In\u00e1cio Lula da Silva disse que o texto do projeto de lei de combate \u00e0s fac\u00e7\u00f5es criminosas aprovado pela C\u00e2mara &#8220;enfraquece&#8221; o enfrentamento ao crime organizado e &#8220;gera inseguran\u00e7a jur\u00eddica&#8221;. Essa foi a primeira manifesta\u00e7\u00e3o do presidente ap\u00f3s a C\u00e2mara ter aprovado, por 370 votos a 110, [&hellip;]<\/p>\n","protected":false},"author":1,"featured_media":2596,"comment_status":"open","ping_status":"open","sticky":false,"template":"","format":"standard","meta":{"footnotes":""},"categories":[256],"tags":[359,306],"class_list":{"0":"post-2512","1":"post","2":"type-post","3":"status-publish","4":"format-standard","5":"has-post-thumbnail","7":"category-politica","8":"tag-criticas-a-camara-dos-deputados","9":"tag-lula"},"_links":{"self":[{"href":"https:\/\/cristalvoxnews.com.br\/index.php?rest_route=\/wp\/v2\/posts\/2512","targetHints":{"allow":["GET"]}}],"collection":[{"href":"https:\/\/cristalvoxnews.com.br\/index.php?rest_route=\/wp\/v2\/posts"}],"about":[{"href":"https:\/\/cristalvoxnews.com.br\/index.php?rest_route=\/wp\/v2\/types\/post"}],"author":[{"embeddable":true,"href":"https:\/\/cristalvoxnews.com.br\/index.php?rest_route=\/wp\/v2\/users\/1"}],"replies":[{"embeddable":true,"href":"https:\/\/cristalvoxnews.com.br\/index.php?rest_route=%2Fwp%2Fv2%2Fcomments&post=2512"}],"version-history":[{"count":2,"href":"https:\/\/cristalvoxnews.com.br\/index.php?rest_route=\/wp\/v2\/posts\/2512\/revisions"}],"predecessor-version":[{"id":2514,"href":"https:\/\/cristalvoxnews.com.br\/index.php?rest_route=\/wp\/v2\/posts\/2512\/revisions\/2514"}],"wp:featuredmedia":[{"embeddable":true,"href":"https:\/\/cristalvoxnews.com.br\/index.php?rest_route=\/wp\/v2\/media\/2596"}],"wp:attachment":[{"href":"https:\/\/cristalvoxnews.com.br\/index.php?rest_route=%2Fwp%2Fv2%2Fmedia&parent=2512"}],"wp:term":[{"taxonomy":"category","embeddable":true,"href":"https:\/\/cristalvoxnews.com.br\/index.php?rest_route=%2Fwp%2Fv2%2Fcategories&post=2512"},{"taxonomy":"post_tag","embeddable":true,"href":"https:\/\/cristalvoxnews.com.br\/index.php?rest_route=%2Fwp%2Fv2%2Ftags&post=2512"}],"curies":[{"name":"wp","href":"https:\/\/api.w.org\/{rel}","templated":true}]}}