{"id":2510,"date":"2025-11-19T17:08:43","date_gmt":"2025-11-19T20:08:43","guid":{"rendered":"http:\/\/cristalvox.imprensa.ws\/?p=2510"},"modified":"2025-11-21T12:02:28","modified_gmt":"2025-11-21T15:02:28","slug":"kassab-apoio-a-tarcisio-e-pedido-de-uniao-para-a-marca-ser-de-centro-direita","status":"publish","type":"post","link":"https:\/\/cristalvoxnews.com.br\/?p=2510","title":{"rendered":"Kassab: apoio a Tarc\u00edsio e pedido de uni\u00e3o para a marca ser &#8216;de centro-direita&#8217;"},"content":{"rendered":"\n<p>O presidente nacional do PSD e secret\u00e1rio de Governo e Rela\u00e7\u00f5es Institucionais do Estado de S\u00e3o Paulo, Gilberto Kassab, afirmou que com uma unidade dos partidos de centro-direita em torno da candidatura do governador do Estado, Tarc\u00edsio de Freitas (Republicanos), a elei\u00e7\u00e3o presidencial de 2006 ser\u00e1 &#8220;resolvida logo&#8221;. Caso ele n\u00e3o dispute a corrida ao Planalto, quanto mais nomes, melhor, para empurrar a elei\u00e7\u00e3o para o segundo turno. Ele tamb\u00e9m defendeu que se construa uma alian\u00e7a que d\u00ea ao governador uma marca de centro-direita na disputa.<\/p>\n\n\n\n<p>&#8220;Se tivermos uma unidade em torno do Tarc\u00edsio, uma solu\u00e7\u00e3o que n\u00e3o d\u00ea ele a marca de candidato de direita, (e sim) de centro-direita, eu acho que a gente resolve logo (as elei\u00e7\u00f5es)&#8221;, disse Kassab, durante evento do Bradesco BBI, em Nova York, nos Estados Unidos.<\/p>\n\n\n\n<p>Segundo ele, com o Tarc\u00edsio, ser\u00e1 poss\u00edvel ter uma &#8220;candidatura \u00fanica&#8221; contra o presidente Luiz In\u00e1cio Lula da Silva (PT). Kassab afirma que o PSD vai apoiar uma candidatura do Tarc\u00edsio. Caso ele n\u00e3o aceite disputar a elei\u00e7\u00e3o presidencial de 2026, o nome escolhido ser\u00e1 o do governador do Paran\u00e1, Ratinho Jr. (PSD), e, na sequ\u00eancia, o do governador Rio Grande do Sul, Eduardo Leite.<\/p>\n\n\n\n<p>Para Kassab, os nomes dos candidatos \u00e0 Presid\u00eancia da Rep\u00fablica ser\u00e3o definidos at\u00e9 o Carnaval no Brasil, em fevereiro de 2026\u2026 &#8211;<br>Conte\u00fado Estad\u00e3o e UOL<\/p>\n","protected":false},"excerpt":{"rendered":"<p>O presidente nacional do PSD e secret\u00e1rio de Governo e Rela\u00e7\u00f5es Institucionais do Estado de S\u00e3o Paulo, Gilberto Kassab, afirmou que com uma unidade dos partidos de centro-direita em torno da candidatura do governador do Estado, Tarc\u00edsio de Freitas (Republicanos), a elei\u00e7\u00e3o presidencial de 2006 ser\u00e1 &#8220;resolvida logo&#8221;. Caso ele [&hellip;]<\/p>\n","protected":false},"author":1,"featured_media":2597,"comment_status":"open","ping_status":"open","sticky":false,"template":"","format":"standard","meta":{"footnotes":""},"categories":[256],"tags":[363,362,360,361],"class_list":{"0":"post-2510","1":"post","2":"type-post","3":"status-publish","4":"format-standard","5":"has-post-thumbnail","7":"category-politica","8":"tag-centro-direita","9":"tag-eleicao-presidencial","10":"tag-gilberto-kassab","11":"tag-tarcisio-de-freitas"},"_links":{"self":[{"href":"https:\/\/cristalvoxnews.com.br\/index.php?rest_route=\/wp\/v2\/posts\/2510","targetHints":{"allow":["GET"]}}],"collection":[{"href":"https:\/\/cristalvoxnews.com.br\/index.php?rest_route=\/wp\/v2\/posts"}],"about":[{"href":"https:\/\/cristalvoxnews.com.br\/index.php?rest_route=\/wp\/v2\/types\/post"}],"author":[{"embeddable":true,"href":"https:\/\/cristalvoxnews.com.br\/index.php?rest_route=\/wp\/v2\/users\/1"}],"replies":[{"embeddable":true,"href":"https:\/\/cristalvoxnews.com.br\/index.php?rest_route=%2Fwp%2Fv2%2Fcomments&post=2510"}],"version-history":[{"count":1,"href":"https:\/\/cristalvoxnews.com.br\/index.php?rest_route=\/wp\/v2\/posts\/2510\/revisions"}],"predecessor-version":[{"id":2511,"href":"https:\/\/cristalvoxnews.com.br\/index.php?rest_route=\/wp\/v2\/posts\/2510\/revisions\/2511"}],"wp:featuredmedia":[{"embeddable":true,"href":"https:\/\/cristalvoxnews.com.br\/index.php?rest_route=\/wp\/v2\/media\/2597"}],"wp:attachment":[{"href":"https:\/\/cristalvoxnews.com.br\/index.php?rest_route=%2Fwp%2Fv2%2Fmedia&parent=2510"}],"wp:term":[{"taxonomy":"category","embeddable":true,"href":"https:\/\/cristalvoxnews.com.br\/index.php?rest_route=%2Fwp%2Fv2%2Fcategories&post=2510"},{"taxonomy":"post_tag","embeddable":true,"href":"https:\/\/cristalvoxnews.com.br\/index.php?rest_route=%2Fwp%2Fv2%2Ftags&post=2510"}],"curies":[{"name":"wp","href":"https:\/\/api.w.org\/{rel}","templated":true}]}}