{"id":2508,"date":"2025-11-19T16:42:18","date_gmt":"2025-11-19T19:42:18","guid":{"rendered":"http:\/\/cristalvox.imprensa.ws\/?p=2508"},"modified":"2025-11-20T21:06:10","modified_gmt":"2025-11-21T00:06:10","slug":"stf-retoma-julgamento-da-revisao-da-vida-toda-doinss-controversias-e-impacto-para-aposentados","status":"publish","type":"post","link":"https:\/\/cristalvoxnews.com.br\/?p=2508","title":{"rendered":"STF retoma julgamento da \u201crevis\u00e3o da vida toda\u201d do INSS: controv\u00e9rsias e impacto para aposentados"},"content":{"rendered":"\n<p>Bras\u00edlia \u2013 O Supremo Tribunal Federal (STF) voltou a analisar, em 2025, recursos relativos \u00e0 chamada \u201crevis\u00e3o da vida toda\u201d do INSS, tema que mobiliza aposentados, advogados previdenci\u00e1rios e o pr\u00f3prio Estado. A decis\u00e3o da Corte pode definir quem tem direito a manter valores recebidos pela revis\u00e3o e em que medida.<\/p>\n\n\n\n<p><strong>O que \u00e9 a revis\u00e3o da vida toda<\/strong><\/p>\n\n\n\n<p>A \u201crevis\u00e3o da vida toda\u201d \u00e9 uma tese jur\u00eddica que possibilita o rec\u00e1lculo de aposentadorias, incluindo contribui\u00e7\u00f5es anteriores a julho de 1994 \u2014 per\u00edodo anterior ao Plano Real \u2014 no c\u00e1lculo do benef\u00edcio.<br>Isso ocorre porque a reforma previdenci\u00e1ria de 1999estabeleceu uma regra de transi\u00e7\u00e3o que, para muitos<br>contribuintes, desconsiderou sal\u00e1rios antigos para c\u00e1lculo da m\u00e9dia.<\/p>\n\n\n\n<p><strong>Hist\u00f3rico do julgamento<\/strong> <\/p>\n\n\n\n<p>Em dezembro de 2022, o STF julgou um recurso extraordin\u00e1rio (RE) e decidiu a favor da revis\u00e3o,<br>reconhecendo que aposentados poderiam usar todas ascontribui\u00e7\u00f5es para calcular seus benef\u00edcios.<br>No entanto, em mar\u00e7o de 2024, a Corte reverteu essaposi\u00e7\u00e3o em a\u00e7\u00f5es diretas de inconstitucionalidade (ADIs), decidindo que a regra de transi\u00e7\u00e3o de 1999 \u00e9 v\u00e1lida e deve prevalecer.<\/p>\n\n\n\n<p>Com essa decis\u00e3o, alguns benefici\u00e1rios que tinham conseguido a revis\u00e3o se perguntam sobre a devolu\u00e7\u00e3o de valores recebidos.<\/p>\n\n\n\n<p><strong>A nova fase: modula\u00e7\u00e3o dos efeitos<\/strong><\/p>\n\n\n\n<p>Em junho de 2025, o STF iniciou uma nova rodada de julgamento sobre os embargos de declara\u00e7\u00e3o \u2014 recurso usado para esclarecer ou ajustar uma decis\u00e3o j\u00e1 dada. Os ministros est\u00e3o decidindo n\u00e3o alterar o m\u00e9rito da decis\u00e3o de 2024 (ou seja, n\u00e3o retomar completamente a revis\u00e3o), mas definir quem ser\u00e1 afetado pela decis\u00e3o, a partir de quando e se haver\u00e1 devolu\u00e7\u00e3o de valores.<\/p>\n\n\n\n<p><strong>Alguns pontos centrais em debate:<\/strong><br>Irrepetibilidade: proteger aqueles que j\u00e1 receberam valores por decis\u00e3o judicial antes de uma certa data e<br>evitar que tenham que devolver dinheiro. Marco temporal: definir a partir de que data a decis\u00e3o anterior (que derrubou a revis\u00e3o) \u201cvale\u201d para restri\u00e7\u00e3o de novos pedidos ou de efeitos retroativos. Por exemplo, o<br>ministro Andr\u00e9 Mendon\u00e7a prop\u00f4s que a revis\u00e3o s\u00f3 valha para processos a partir de 17 de dezembro de 2019.<\/p>\n\n\n\n<p><strong>Seguran\u00e7a jur\u00eddica<\/strong>: <\/p>\n\n\n\n<p>Equil\u00edbrio entre garantir direitos de quem j\u00e1 ganhou judicialmente e evitar um impacto financeiro massivo para o Estado. <br><strong>Suspens\u00e3o do julgamento<\/strong><br>Em 12 de junho de 2025, a ministra C\u00e1rmen L\u00facia pediu vista dos autos \u2014 ou seja, mais tempo para analisar o caso \u2014 o que suspendeu temporariamente o julgamento em plen\u00e1rio virtual. At\u00e9 o momento da suspens\u00e3o, os votos estavam divididos entre: Ministros que defendem encerrar definitivamente a<br>discuss\u00e3o e liberar os processos relacionados (\u201cn\u00e3o h\u00e1revis\u00e3o\u201d para novos casos).<br>Outros que prop\u00f5em manuten\u00e7\u00e3o da tese da revis\u00e3o para alguns casos, mas com limita\u00e7\u00f5es via odula\u00e7\u00e3o.<br><strong>Impacto e consequ\u00eancias<\/strong><br>Segundo dados da Central dos Sindicatos Brasileiros (CSB), estima-se que existam cerca de 103 mil processos abertos sobre a revis\u00e3o da vida toda, com um custo potencial elevado para a Previd\u00eancia, dependendo de como a modula\u00e7\u00e3o for definida.<br>A Procuradoria-Geral da Rep\u00fablica (PGR), por outro lado, j\u00e1 manifestou preocupa\u00e7\u00e3o com o impacto fiscal, especialmente considerando proje\u00e7\u00f5es de pagamento a muitos segurados.<br>Para muitos aposentados, a decis\u00e3o do STF pode ser decisiva para manter valores adicionais recebidos<br>judicialmente ou, ao contr\u00e1rio, ter que devolver parte desses montantes.<\/p>\n\n\n\n<p><strong>O que esperar agora<\/strong><br>Com a retomada do julgamento \u2014 embora suspensa agora \u2014 a expectativa no meio previdenci\u00e1rio \u00e9 de que o STF defina uma modula\u00e7\u00e3o que minimize os riscos para segurados que j\u00e1 obtiveram a revis\u00e3o, mas ao mesmo tempo contenha a despesa estatal. Especialistas como advogados previdenci\u00e1rios e entidades como o IBDP (Instituto Brasileiro de Direito Previdenci\u00e1rio) acompanhamde perto e defendem que a Corte encontre um meio-termosustent\u00e1vel.<br>Tamb\u00e9m h\u00e1 inquieta\u00e7\u00e3o entre benefici\u00e1rios, que aguardamuma defini\u00e7\u00e3o para organizar seu lanejamento financeiro.<br>A decis\u00e3o sobre modula\u00e7\u00e3o n\u00e3o mudar\u00e1 necessariamenteo \u201csim ou n\u00e3o\u201d para a revis\u00e3o, mas vai definir quem ser\u00e1 protegido e at\u00e9 onde esse direito vale.<\/p>\n","protected":false},"excerpt":{"rendered":"<p>Bras\u00edlia \u2013 O Supremo Tribunal Federal (STF) voltou a analisar, em 2025, recursos relativos \u00e0 chamada \u201crevis\u00e3o da vida toda\u201d do INSS, tema que mobiliza aposentados, advogados previdenci\u00e1rios e o pr\u00f3prio Estado. A decis\u00e3o da Corte pode definir quem tem direito a manter valores recebidos pela revis\u00e3o e em que [&hellip;]<\/p>\n","protected":false},"author":1,"featured_media":2598,"comment_status":"open","ping_status":"open","sticky":false,"template":"","format":"standard","meta":{"footnotes":""},"categories":[260],"tags":[],"class_list":{"0":"post-2508","1":"post","2":"type-post","3":"status-publish","4":"format-standard","5":"has-post-thumbnail","7":"category-justica"},"_links":{"self":[{"href":"https:\/\/cristalvoxnews.com.br\/index.php?rest_route=\/wp\/v2\/posts\/2508","targetHints":{"allow":["GET"]}}],"collection":[{"href":"https:\/\/cristalvoxnews.com.br\/index.php?rest_route=\/wp\/v2\/posts"}],"about":[{"href":"https:\/\/cristalvoxnews.com.br\/index.php?rest_route=\/wp\/v2\/types\/post"}],"author":[{"embeddable":true,"href":"https:\/\/cristalvoxnews.com.br\/index.php?rest_route=\/wp\/v2\/users\/1"}],"replies":[{"embeddable":true,"href":"https:\/\/cristalvoxnews.com.br\/index.php?rest_route=%2Fwp%2Fv2%2Fcomments&post=2508"}],"version-history":[{"count":3,"href":"https:\/\/cristalvoxnews.com.br\/index.php?rest_route=\/wp\/v2\/posts\/2508\/revisions"}],"predecessor-version":[{"id":2604,"href":"https:\/\/cristalvoxnews.com.br\/index.php?rest_route=\/wp\/v2\/posts\/2508\/revisions\/2604"}],"wp:featuredmedia":[{"embeddable":true,"href":"https:\/\/cristalvoxnews.com.br\/index.php?rest_route=\/wp\/v2\/media\/2598"}],"wp:attachment":[{"href":"https:\/\/cristalvoxnews.com.br\/index.php?rest_route=%2Fwp%2Fv2%2Fmedia&parent=2508"}],"wp:term":[{"taxonomy":"category","embeddable":true,"href":"https:\/\/cristalvoxnews.com.br\/index.php?rest_route=%2Fwp%2Fv2%2Fcategories&post=2508"},{"taxonomy":"post_tag","embeddable":true,"href":"https:\/\/cristalvoxnews.com.br\/index.php?rest_route=%2Fwp%2Fv2%2Ftags&post=2508"}],"curies":[{"name":"wp","href":"https:\/\/api.w.org\/{rel}","templated":true}]}}