{"id":2495,"date":"2025-11-19T16:25:53","date_gmt":"2025-11-19T19:25:53","guid":{"rendered":"http:\/\/cristalvox.imprensa.ws\/?p=2495"},"modified":"2025-11-20T21:06:59","modified_gmt":"2025-11-21T00:06:59","slug":"tarcisio-comemora-aprovacao-do-pl-antifaccao-vitoria-do-povo-brasileiro","status":"publish","type":"post","link":"https:\/\/cristalvoxnews.com.br\/?p=2495","title":{"rendered":"Tarc\u00edsio comemora aprova\u00e7\u00e3o do PL Antifac\u00e7\u00e3o: &#8220;Vit\u00f3ria do povo brasileiro&#8221;"},"content":{"rendered":"\n<p>Projeto foi relatado pelo deputado Guilherme Derrite, secret\u00e1rio licenciado de Seguran\u00e7a P\u00fablica de S\u00e3o Paulo<\/p>\n\n\n\n<p>Para ele, o resultado representa uma \u201cvit\u00f3ria do povo brasileiro\u201d. O placar foi de 370 votos favor\u00e1veis e 110 contr\u00e1rios.<\/p>\n\n\n\n<p>O governador de S\u00e3o Paulo, Tarc\u00edsio de Freitas (Republicanos), comemorou nesta ter\u00e7a-feira (18) a aprova\u00e7\u00e3o do texto-base do PL (Projeto de Lei) Antifac\u00e7\u00e3o, relatado por seu secret\u00e1rio de Seguran\u00e7a P\u00fablica licenciado, deputado Guilherme Derrite (PP-SP).<\/p>\n\n\n\n<p>&#8220;A aprova\u00e7\u00e3o do Marco Legal da Seguran\u00e7a P\u00fablica, relatado pelo nosso secret\u00e1rio Derrite, \u00e9 um passo decisivo para asfixiar o crime organizado. Acabou a impunidade. Em S\u00e3o Paulo e no Brasil, o recado \u00e9 claro: Lugar de Bandido \u00e9 na cadeia&#8221;, disse o governador.<\/p>\n\n\n\n<p>Derrite apresentou o sexto texto do projeto ap\u00f3s semanas de impasse. O substitutivo tipifica a conduta de \u201cdom\u00ednio social estruturado\u201d, voltada a organiza\u00e7\u00f5es criminosas ultraviolentas, mil\u00edcias privadas e grupos paramilitares.<\/p>\n\n\n\n<p>Fonte&nbsp;CNN<\/p>\n","protected":false},"excerpt":{"rendered":"<p>Projeto foi relatado pelo deputado Guilherme Derrite, secret\u00e1rio licenciado de Seguran\u00e7a P\u00fablica de S\u00e3o Paulo Para ele, o resultado representa uma \u201cvit\u00f3ria do povo brasileiro\u201d. O placar foi de 370 votos favor\u00e1veis e 110 contr\u00e1rios. O governador de S\u00e3o Paulo, Tarc\u00edsio de Freitas (Republicanos), comemorou nesta ter\u00e7a-feira (18) a aprova\u00e7\u00e3o [&hellip;]<\/p>\n","protected":false},"author":1,"featured_media":2601,"comment_status":"open","ping_status":"open","sticky":false,"template":"","format":"standard","meta":{"footnotes":""},"categories":[256],"tags":[],"class_list":{"0":"post-2495","1":"post","2":"type-post","3":"status-publish","4":"format-standard","5":"has-post-thumbnail","7":"category-politica"},"_links":{"self":[{"href":"https:\/\/cristalvoxnews.com.br\/index.php?rest_route=\/wp\/v2\/posts\/2495","targetHints":{"allow":["GET"]}}],"collection":[{"href":"https:\/\/cristalvoxnews.com.br\/index.php?rest_route=\/wp\/v2\/posts"}],"about":[{"href":"https:\/\/cristalvoxnews.com.br\/index.php?rest_route=\/wp\/v2\/types\/post"}],"author":[{"embeddable":true,"href":"https:\/\/cristalvoxnews.com.br\/index.php?rest_route=\/wp\/v2\/users\/1"}],"replies":[{"embeddable":true,"href":"https:\/\/cristalvoxnews.com.br\/index.php?rest_route=%2Fwp%2Fv2%2Fcomments&post=2495"}],"version-history":[{"count":1,"href":"https:\/\/cristalvoxnews.com.br\/index.php?rest_route=\/wp\/v2\/posts\/2495\/revisions"}],"predecessor-version":[{"id":2496,"href":"https:\/\/cristalvoxnews.com.br\/index.php?rest_route=\/wp\/v2\/posts\/2495\/revisions\/2496"}],"wp:featuredmedia":[{"embeddable":true,"href":"https:\/\/cristalvoxnews.com.br\/index.php?rest_route=\/wp\/v2\/media\/2601"}],"wp:attachment":[{"href":"https:\/\/cristalvoxnews.com.br\/index.php?rest_route=%2Fwp%2Fv2%2Fmedia&parent=2495"}],"wp:term":[{"taxonomy":"category","embeddable":true,"href":"https:\/\/cristalvoxnews.com.br\/index.php?rest_route=%2Fwp%2Fv2%2Fcategories&post=2495"},{"taxonomy":"post_tag","embeddable":true,"href":"https:\/\/cristalvoxnews.com.br\/index.php?rest_route=%2Fwp%2Fv2%2Ftags&post=2495"}],"curies":[{"name":"wp","href":"https:\/\/api.w.org\/{rel}","templated":true}]}}