{"id":2489,"date":"2025-11-19T16:20:42","date_gmt":"2025-11-19T19:20:42","guid":{"rendered":"http:\/\/cristalvox.imprensa.ws\/?p=2489"},"modified":"2025-11-20T21:07:15","modified_gmt":"2025-11-21T00:07:15","slug":"exercito-tem-tres-opcoes-para-prisao-de-generais-condenados-por-golpe","status":"publish","type":"post","link":"https:\/\/cristalvoxnews.com.br\/?p=2489","title":{"rendered":"Ex\u00e9rcito tem tr\u00eas op\u00e7\u00f5es para pris\u00e3o de generais condenados por golpe"},"content":{"rendered":"\n<p><\/p>\n\n\n\n<p><strong>Em reuni\u00e3o com Moraes, ministro da Defesa e comandante da For\u00e7a pediram tratamento digno aos militares<\/strong><\/p>\n\n\n\n<p>Enquanto o destino do ex-presidente Jair Bolsonaro (PL), ap\u00f3s a determina\u00e7\u00e3o de uma pris\u00e3o em regime fechado, segue incerto, generais condenados pelo plano de golpe devem iniciar o cumprimento da pena em salas do Estado-Maior do Ex\u00e9rcito.<\/p>\n\n\n\n<p>O assunto foi tratado em uma reuni\u00e3o na noite de segunda-feira (18) na casa do comandante do Ex\u00e9rcito, general Tom\u00e1s Paiva, com o ministro da Defesa, Jos\u00e9 M\u00facio Monteiro, e o ministro Alexandre de Moraes, relator do processo no STF (Supremo Tribunal Federal).<\/p>\n\n\n\n<p>Segundo apurou a CNN Brasil, o ministro da Defesa e o comandante do Ex\u00e9rcito reiteraram a disponibilidade das instala\u00e7\u00f5es e pediram tratamento digno aos generais e ex-ministros Augusto Heleno (Gabinete de Seguran\u00e7a Institucional) e Paulo S\u00e9rgio Nogueira (Defesa).<\/p>\n\n\n\n<p>Heleno, de 78 anos, foi condenado a 21 anos de pris\u00e3o, e Paulo S\u00e9rgio, de 67, recebeu uma pena de 19 anos. Como ambos vivem em Bras\u00edlia, devem ficar acomodados em unidades militares do Distrito Federal.<\/p>\n\n\n\n<p>As op\u00e7\u00f5es, segundo apurou a CNN Brasil, s\u00e3o o Estado-Maior do CMP (Comando Militar do Planalto), a PE (Pol\u00edcia do Ex\u00e9rcito) ou o BGP (Batalh\u00e3o da Guarda Presidencial).<\/p>\n\n\n\n<p>Os locais s\u00e3o pequenos quartos com uma cama de solteiro, um frigobar e uma escrivaninha. H\u00e1 possibilidade de acesso \u00e0 TV aberta, caso autorizado pela Justi\u00e7a.<\/p>\n\n\n\n<p>A c\u00fapula militar aposta que as pris\u00f5es ocorram at\u00e9 o fim de novembro. O comandante do Ex\u00e9rcito, general Tom\u00e1s Paiva, s\u00f3 deve definir o destino dos generais condenados ap\u00f3s a determina\u00e7\u00e3o do STF.<\/p>\n\n\n\n<p>Outro condenado pela trama golpista no n\u00facleo central, o general Walter Braga Netto, dever\u00e1 permanecer na mesma sala do Comando da 1\u00aa Divis\u00e3o de Ex\u00e9rcito do Rio de Janeiro, onde est\u00e1 em pris\u00e3o preventiva desde dezembro de 2024. O ex-ministro da Casa Civil foi condenado a 26 anos de reclus\u00e3o.<\/p>\n\n\n\n<p>Em Bras\u00edlia, o general Mario Fernandes, acusado de ser o autor do plano Punhal Verde e Amarelo, est\u00e1 preso no batalh\u00e3o da Pol\u00edcia do Ex\u00e9rcito. Na mesma unidade, est\u00e3o o coronel da reserva Marcelo C\u00e2mara e o tenente-coronel Rodrigo Bezerra Azevedo.<\/p>\n\n\n\n<p>O Estatuto Militar, de 1980, prev\u00ea que &#8220;o cumprimento de pena de pris\u00e3o ou deten\u00e7\u00e3o somente em organiza\u00e7\u00e3o militar da respectiva For\u00e7a cujo comandante, chefe ou diretor tenha preced\u00eancia hier\u00e1rquica sobre o preso&#8221;.<\/p>\n\n\n\n<p>A legisla\u00e7\u00e3o prev\u00ea ainda que, &#8220;na impossibilidade de cumprir esta disposi\u00e7\u00e3o, em organiza\u00e7\u00e3o militar de outra For\u00e7a cujo comandante, chefe ou diretor tenha a necess\u00e1ria preced\u00eancia&#8221;.<\/p>\n\n\n\n<p>Bolsonaro<br>Capit\u00e3o reformado, Jair Bolsonaro tamb\u00e9m poderia ficar acomodado tamb\u00e9m em uma unidade do Ex\u00e9rcito. Por\u00e9m, a possibilidade \u00e9 considerada como remota na c\u00fapula militar.<\/p>\n\n\n\n<p>O ex-presidente ainda tem como alternativas ser enviado ao Complexo da Papuda, ficar em uma sala da Pol\u00edcia Federal ou seguir em pris\u00e3o domiciliar, onde est\u00e1&nbsp;desde&nbsp;agosto.<\/p>\n","protected":false},"excerpt":{"rendered":"<p>Em reuni\u00e3o com Moraes, ministro da Defesa e comandante da For\u00e7a pediram tratamento digno aos militares Enquanto o destino do ex-presidente Jair Bolsonaro (PL), ap\u00f3s a determina\u00e7\u00e3o de uma pris\u00e3o em regime fechado, segue incerto, generais condenados pelo plano de golpe devem iniciar o cumprimento da pena em salas do [&hellip;]<\/p>\n","protected":false},"author":1,"featured_media":2494,"comment_status":"open","ping_status":"open","sticky":false,"template":"","format":"standard","meta":{"footnotes":""},"categories":[258],"tags":[],"class_list":{"0":"post-2489","1":"post","2":"type-post","3":"status-publish","4":"format-standard","5":"has-post-thumbnail","7":"category-brasil"},"_links":{"self":[{"href":"https:\/\/cristalvoxnews.com.br\/index.php?rest_route=\/wp\/v2\/posts\/2489","targetHints":{"allow":["GET"]}}],"collection":[{"href":"https:\/\/cristalvoxnews.com.br\/index.php?rest_route=\/wp\/v2\/posts"}],"about":[{"href":"https:\/\/cristalvoxnews.com.br\/index.php?rest_route=\/wp\/v2\/types\/post"}],"author":[{"embeddable":true,"href":"https:\/\/cristalvoxnews.com.br\/index.php?rest_route=\/wp\/v2\/users\/1"}],"replies":[{"embeddable":true,"href":"https:\/\/cristalvoxnews.com.br\/index.php?rest_route=%2Fwp%2Fv2%2Fcomments&post=2489"}],"version-history":[{"count":3,"href":"https:\/\/cristalvoxnews.com.br\/index.php?rest_route=\/wp\/v2\/posts\/2489\/revisions"}],"predecessor-version":[{"id":2493,"href":"https:\/\/cristalvoxnews.com.br\/index.php?rest_route=\/wp\/v2\/posts\/2489\/revisions\/2493"}],"wp:featuredmedia":[{"embeddable":true,"href":"https:\/\/cristalvoxnews.com.br\/index.php?rest_route=\/wp\/v2\/media\/2494"}],"wp:attachment":[{"href":"https:\/\/cristalvoxnews.com.br\/index.php?rest_route=%2Fwp%2Fv2%2Fmedia&parent=2489"}],"wp:term":[{"taxonomy":"category","embeddable":true,"href":"https:\/\/cristalvoxnews.com.br\/index.php?rest_route=%2Fwp%2Fv2%2Fcategories&post=2489"},{"taxonomy":"post_tag","embeddable":true,"href":"https:\/\/cristalvoxnews.com.br\/index.php?rest_route=%2Fwp%2Fv2%2Ftags&post=2489"}],"curies":[{"name":"wp","href":"https:\/\/api.w.org\/{rel}","templated":true}]}}