{"id":2481,"date":"2025-11-19T12:56:07","date_gmt":"2025-11-19T15:56:07","guid":{"rendered":"http:\/\/cristalvox.imprensa.ws\/?p=2481"},"modified":"2025-11-19T12:56:08","modified_gmt":"2025-11-19T15:56:08","slug":"alexandre-de-moraes-recua-e-absolve-general-acusado-pela-pgr-de-golpista","status":"publish","type":"post","link":"https:\/\/cristalvoxnews.com.br\/?p=2481","title":{"rendered":"Alexandre de Moraes \u201crecua\u201d e \u201cabsolve\u201d general acusado pela PGR de \u201cgolpista\u201d"},"content":{"rendered":"\n<p>Sim, acredite: a not\u00edcia \u00e9 verdadeira.<br>O ministro Alexandre de Moraes, do STF, votou pela absolvi\u00e7\u00e3o do general Estevam The\u00f3philo em um processo ligado \u00e0 acusa\u00e7\u00e3o de tentativa de golpe de Estado (\u201csuposto golpe\u201d).<\/p>\n\n\n\n<p>No julgamento, Alexandre de Moraes afirmou que n\u00e3o h\u00e1 provas suficientes para condenar o general. O ministro utilizou o princ\u00edpio <em>in dubio pro reo<\/em> (na d\u00favida, a favor do r\u00e9u) para fundamentar seu voto.<\/p>\n\n\n\n<p>O general Estevam The\u00f3philo estava sendo julgado sob acusa\u00e7\u00e3o de integrar o que a PGR chama de \u201cn\u00facleo 3\u201d da trama golpista, envolvendo militares acusados de planejar \u201ca\u00e7\u00f5es t\u00e1ticas\u201d para um golpe de Estado no Brasil entre o final de 2022 e o in\u00edcio de 2023.<\/p>\n\n\n\n<p>Mesmo reconhecendo a incerteza da participa\u00e7\u00e3o do general no plano, Moraes votou para condenar outros nove r\u00e9us, tamb\u00e9m militares desse mesmo n\u00facleo.<\/p>\n","protected":false},"excerpt":{"rendered":"<p>Sim, acredite: a not\u00edcia \u00e9 verdadeira.O ministro Alexandre de Moraes, do STF, votou pela absolvi\u00e7\u00e3o do general Estevam The\u00f3philo em um processo ligado \u00e0 acusa\u00e7\u00e3o de tentativa de golpe de Estado (\u201csuposto golpe\u201d). No julgamento, Alexandre de Moraes afirmou que n\u00e3o h\u00e1 provas suficientes para condenar o general. O ministro [&hellip;]<\/p>\n","protected":false},"author":1,"featured_media":2482,"comment_status":"open","ping_status":"open","sticky":false,"template":"","format":"standard","meta":{"footnotes":""},"categories":[8],"tags":[],"class_list":{"0":"post-2481","1":"post","2":"type-post","3":"status-publish","4":"format-standard","5":"has-post-thumbnail","7":"category-politics"},"_links":{"self":[{"href":"https:\/\/cristalvoxnews.com.br\/index.php?rest_route=\/wp\/v2\/posts\/2481","targetHints":{"allow":["GET"]}}],"collection":[{"href":"https:\/\/cristalvoxnews.com.br\/index.php?rest_route=\/wp\/v2\/posts"}],"about":[{"href":"https:\/\/cristalvoxnews.com.br\/index.php?rest_route=\/wp\/v2\/types\/post"}],"author":[{"embeddable":true,"href":"https:\/\/cristalvoxnews.com.br\/index.php?rest_route=\/wp\/v2\/users\/1"}],"replies":[{"embeddable":true,"href":"https:\/\/cristalvoxnews.com.br\/index.php?rest_route=%2Fwp%2Fv2%2Fcomments&post=2481"}],"version-history":[{"count":1,"href":"https:\/\/cristalvoxnews.com.br\/index.php?rest_route=\/wp\/v2\/posts\/2481\/revisions"}],"predecessor-version":[{"id":2483,"href":"https:\/\/cristalvoxnews.com.br\/index.php?rest_route=\/wp\/v2\/posts\/2481\/revisions\/2483"}],"wp:featuredmedia":[{"embeddable":true,"href":"https:\/\/cristalvoxnews.com.br\/index.php?rest_route=\/wp\/v2\/media\/2482"}],"wp:attachment":[{"href":"https:\/\/cristalvoxnews.com.br\/index.php?rest_route=%2Fwp%2Fv2%2Fmedia&parent=2481"}],"wp:term":[{"taxonomy":"category","embeddable":true,"href":"https:\/\/cristalvoxnews.com.br\/index.php?rest_route=%2Fwp%2Fv2%2Fcategories&post=2481"},{"taxonomy":"post_tag","embeddable":true,"href":"https:\/\/cristalvoxnews.com.br\/index.php?rest_route=%2Fwp%2Fv2%2Ftags&post=2481"}],"curies":[{"name":"wp","href":"https:\/\/api.w.org\/{rel}","templated":true}]}}