{"id":2479,"date":"2025-11-19T12:55:24","date_gmt":"2025-11-19T15:55:24","guid":{"rendered":"http:\/\/cristalvox.imprensa.ws\/?p=2479"},"modified":"2025-11-19T12:55:26","modified_gmt":"2025-11-19T15:55:26","slug":"o-caso-epstein-e-a-abertura-dos-arquivos","status":"publish","type":"post","link":"https:\/\/cristalvoxnews.com.br\/?p=2479","title":{"rendered":"O Caso Epstein e a Abertura dos Arquivos"},"content":{"rendered":"\n<p>O caso envolvendo Jeffrey Epstein tornou-se um dos epis\u00f3dios mais controversos do sistema judicial norte-americano. Epstein, um financista com conex\u00f5es com figuras influentes da pol\u00edtica, dos neg\u00f3cios e do entretenimento, foi condenado em 2008 por crimes sexuais envolvendo menores e novamente preso em 2019 sob acusa\u00e7\u00f5es federais de tr\u00e1fico sexual. Sua morte, registrada oficialmente como suic\u00eddio em agosto de 2019, ocorreu enquanto aguardava julgamento e gerou questionamentos p\u00fablicos devido a falhas de seguran\u00e7a na pris\u00e3o.<\/p>\n\n\n\n<p>Ap\u00f3s sua morte, diversos processos civis relacionados \u00e0s v\u00edtimas continuaram em andamento. Parte desses processos levou \u00e0 publica\u00e7\u00e3o e \u00e0 abertura gradual de arquivos judiciais, incluindo depoimentos, documentos de investiga\u00e7\u00e3o e materiais anteriormente mantidos sob sigilo. A libera\u00e7\u00e3o desses documentos ocorre por decis\u00e3o judicial e segue regras r\u00edgidas para preservar a privacidade das v\u00edtimas e de pessoas n\u00e3o acusadas de crimes.<\/p>\n\n\n\n<p>Dois dias ap\u00f3s o presidente dos Estados Unidos, Donald Trump, surpreender o mundo ao apoiar a divulga\u00e7\u00e3o dos documentos secretos do caso Epstein, a C\u00e2mara dos Estados Unidos aprovou um projeto de lei que obriga o Departamento de Justi\u00e7a a publicar esses arquivos. A medida aumentou a press\u00e3o por transpar\u00eancia e intensificou o interesse p\u00fablico nas investiga\u00e7\u00f5es relacionadas ao caso.<\/p>\n\n\n\n<p>A abertura desses arquivos reacendeu debates sobre:<\/p>\n\n\n\n<ul class=\"wp-block-list\">\n<li>redes de abuso e explora\u00e7\u00e3o sexual;<\/li>\n\n\n\n<li>eventuais c\u00famplices ainda n\u00e3o responsabilizados;<\/li>\n\n\n\n<li>falhas institucionais na supervis\u00e3o de Epstein ao longo dos anos;<\/li>\n\n\n\n<li>e o sistema de acordos judiciais que inicialmente permitiu que ele recebesse uma pena considerada branda em 2008.<\/li>\n<\/ul>\n\n\n\n<p>Apesar da intensa curiosidade p\u00fablica, \u00e9 importante destacar que nem todo nome citado em documentos judiciais est\u00e1 ligado a crimes. Muitos aparecem apenas como testemunhas, contatos sociais ou fontes mencionadas em depoimentos. Por isso, tribunais frequentemente revisam e editam arquivos antes de torn\u00e1-los p\u00fablicos, garantindo que a divulga\u00e7\u00e3o n\u00e3o resulte em difama\u00e7\u00e3o ou viola\u00e7\u00e3o de privacidade.<\/p>\n\n\n\n<p>A libera\u00e7\u00e3o progressiva desses registros segue em andamento, contribuindo para maior transpar\u00eancia sobre o caso e permitindo melhor compreens\u00e3o das circunst\u00e2ncias que cercaram Epstein e as investiga\u00e7\u00f5es que se estenderam ap\u00f3s sua morte.<\/p>\n","protected":false},"excerpt":{"rendered":"<p>O caso envolvendo Jeffrey Epstein tornou-se um dos epis\u00f3dios mais controversos do sistema judicial norte-americano. Epstein, um financista com conex\u00f5es com figuras influentes da pol\u00edtica, dos neg\u00f3cios e do entretenimento, foi condenado em 2008 por crimes sexuais envolvendo menores e novamente preso em 2019 sob acusa\u00e7\u00f5es federais de tr\u00e1fico sexual. [&hellip;]<\/p>\n","protected":false},"author":1,"featured_media":2477,"comment_status":"open","ping_status":"open","sticky":false,"template":"","format":"standard","meta":{"footnotes":""},"categories":[8],"tags":[],"class_list":{"0":"post-2479","1":"post","2":"type-post","3":"status-publish","4":"format-standard","5":"has-post-thumbnail","7":"category-politics"},"_links":{"self":[{"href":"https:\/\/cristalvoxnews.com.br\/index.php?rest_route=\/wp\/v2\/posts\/2479","targetHints":{"allow":["GET"]}}],"collection":[{"href":"https:\/\/cristalvoxnews.com.br\/index.php?rest_route=\/wp\/v2\/posts"}],"about":[{"href":"https:\/\/cristalvoxnews.com.br\/index.php?rest_route=\/wp\/v2\/types\/post"}],"author":[{"embeddable":true,"href":"https:\/\/cristalvoxnews.com.br\/index.php?rest_route=\/wp\/v2\/users\/1"}],"replies":[{"embeddable":true,"href":"https:\/\/cristalvoxnews.com.br\/index.php?rest_route=%2Fwp%2Fv2%2Fcomments&post=2479"}],"version-history":[{"count":1,"href":"https:\/\/cristalvoxnews.com.br\/index.php?rest_route=\/wp\/v2\/posts\/2479\/revisions"}],"predecessor-version":[{"id":2480,"href":"https:\/\/cristalvoxnews.com.br\/index.php?rest_route=\/wp\/v2\/posts\/2479\/revisions\/2480"}],"wp:featuredmedia":[{"embeddable":true,"href":"https:\/\/cristalvoxnews.com.br\/index.php?rest_route=\/wp\/v2\/media\/2477"}],"wp:attachment":[{"href":"https:\/\/cristalvoxnews.com.br\/index.php?rest_route=%2Fwp%2Fv2%2Fmedia&parent=2479"}],"wp:term":[{"taxonomy":"category","embeddable":true,"href":"https:\/\/cristalvoxnews.com.br\/index.php?rest_route=%2Fwp%2Fv2%2Fcategories&post=2479"},{"taxonomy":"post_tag","embeddable":true,"href":"https:\/\/cristalvoxnews.com.br\/index.php?rest_route=%2Fwp%2Fv2%2Ftags&post=2479"}],"curies":[{"name":"wp","href":"https:\/\/api.w.org\/{rel}","templated":true}]}}